{"id":4936,"date":"2024-09-09T15:46:31","date_gmt":"2024-09-09T13:46:31","guid":{"rendered":"https:\/\/www.naos-international.com\/?p=4936"},"modified":"2024-09-12T15:35:29","modified_gmt":"2024-09-12T13:35:29","slug":"et-si-la-vente-de-rafale-a-la-serbie-rebattait-les-cartes-dans-les-balkans-2","status":"publish","type":"post","link":"https:\/\/www.naos-international.com\/fr\/et-si-la-vente-de-rafale-a-la-serbie-rebattait-les-cartes-dans-les-balkans-2\/","title":{"rendered":"Les tendances \u00e9mergentes dans le recrutement Tech et Digital en 2024"},"content":{"rendered":"\t\t<div data-elementor-type=\"wp-post\" data-elementor-id=\"4936\" class=\"elementor elementor-4936 elementor-4935\" data-elementor-post-type=\"post\">\n\t\t\t\t<div class=\"elementor-element elementor-element-ca868e5 e-flex e-con-boxed e-con e-parent\" data-id=\"ca868e5\" data-element_type=\"container\" data-e-type=\"container\">\n\t\t\t\t\t<div class=\"e-con-inner\">\n\t\t\t\t<div class=\"elementor-element elementor-element-070c5fb elementor-widget elementor-widget-text-editor\" data-id=\"070c5fb\" data-element_type=\"widget\" data-e-type=\"widget\" data-widget_type=\"text-editor.default\">\n\t\t\t\t<div class=\"elementor-widget-container\">\n\t\t\t\t\t\t\t\t\t<p>On le sait, le secteur des technologiques \u00e9volue \u00e0 une vitesse fulgurante. Jour apr\u00e8s jour, notre quotidien est refa\u00e7onn\u00e9 et en m\u00eame temps les attentes en mati\u00e8re de recrutement. En 2024, les entreprises font face \u00e0 des d\u00e9fis in\u00e9dits et doivent adapter leurs strat\u00e9gies de recrutement pour attirer les meilleurs talents. Ici, nous aborderons les nouvelles comp\u00e9tences recherch\u00e9es, l&rsquo;impact de l&rsquo;intelligence artificielle sur le recrutement et l&rsquo;importance croissante de la diversit\u00e9 et de l&rsquo;inclusion.   <\/p>\n<p><strong>Les comp\u00e9tences tech en mutation<\/strong><\/p>\n<p><strong>L&rsquo;essor des comp\u00e9tences en intelligence artificielle et en machine learning<\/strong><\/p>\n<p>Avec l&rsquo;augmentation de la demande pour des solutions automatis\u00e9es et intelligentes, les comp\u00e9tences en intelligence artificielle (IA) et en machine learning (ML) sont devenues cruciales. Chat GPT, Claude et Google Bard en t\u00eate, les IA g\u00e9n\u00e9ratives sont pr\u00e9sentes dans nos vies et orientent (d\u00e9j\u00e0) certains choix strat\u00e9giques op\u00e9rationnels. <\/p>\n<p>L&rsquo;application de l&rsquo;IA permet, par exemple, aux d\u00e9cideurs d&rsquo;acc\u00e9der \u00e0 des analyses pr\u00e9dictives, leur permettant d&rsquo;anticiper les r\u00e9sultats futurs et de prendre des d\u00e9cisions proactives. En utilisant les donn\u00e9es historiques et les algorithmes de machine learning, les entreprises sont capables de pr\u00e9voir le comportement des employ\u00e9s et des clients, les tendances du march\u00e9, ainsi que les risques. <\/p>\n<p>Selon un rapport de Gartner, les entreprises investissent massivement dans ces technologies pour am\u00e9liorer l&rsquo;efficacit\u00e9 op\u00e9rationnelle et offrir des exp\u00e9riences personnalis\u00e9es \u00e0 leurs clients. En cons\u00e9quence, les professionnels ma\u00eetrisant les algorithmes d&rsquo;apprentissage automatique, le traitement du langage naturel (NLP) ou le prompt engineering sont de plus en plus recherch\u00e9s. <\/p>\n<p><a href=\"https:\/\/www.naos-international.com\/fr\/a-propos\/notre-equipe\/samar-slim\/\" target=\"_blank\" rel=\"noopener\">Samar Slim<\/a>, Practice Director chez NAOS International, souligne : \u00ab\u00a0<em>Les entreprises recherchent des talents capables de comprendre et d&rsquo;impl\u00e9menter des solutions bas\u00e9es sur l&rsquo;IA. Les candidats qui poss\u00e8dent des comp\u00e9tences en ML et en data science ont un avantage concurrentiel significatif sur le march\u00e9 du travail. <\/em>\u00ab\u00a0<\/p>\n<p><strong>L&rsquo;importance des comp\u00e9tences en cybers\u00e9curit\u00e9<\/strong><\/p>\n<p>Selon une \u00e9tude de Cybersecurity Ventures, les cybercrimes co\u00fbteront au monde environ 10,5 trillions de dollars par an d&rsquo;ici 2025. <br \/>Les entreprises cherchent donc \u00e0 renforcer leurs d\u00e9fenses num\u00e9riques en recrutant des experts en cybers\u00e9curit\u00e9, capables de d\u00e9velopper des strat\u00e9gies de pr\u00e9vention et de r\u00e9ponse aux incidents.<\/p>\n<p>Les certifications en s\u00e9curit\u00e9 informatique, telles que CISSP (Certified Information Systems Security Professional) et CEH (Certified Ethical Hacker), sont particuli\u00e8rement valoris\u00e9es. Les professionnels poss\u00e9dant une expertise en s\u00e9curit\u00e9 des r\u00e9seaux, en cryptographie et en analyse de vuln\u00e9rabilit\u00e9s sont tr\u00e8s demand\u00e9s. <br \/>Pour rappel, l\u2019\u00e9tat fran\u00e7ais avait, en 2021, lanc\u00e9 la strat\u00e9gie nationale d&rsquo;acc\u00e9l\u00e9ration pour la cybers\u00e9curit\u00e9, qui s&rsquo;inscrit dans le plan de relance France 2030. <\/p>\n<p>Du c\u00f4t\u00e9 des chiffres, l&rsquo;objectif est clair : faire passer le chiffre d&rsquo;affaires de la fili\u00e8re \u00e0 25 milliards d&rsquo;euros d&rsquo;ici 2025 (contre 7,3 milliards en 2019), doubler le nombre d&#8217;emplois pour atteindre 75 000 en 2025 (contre 37 000 actuellement), et faire \u00e9merger trois licornes fran\u00e7aises en cybers\u00e9curit\u00e9 d&rsquo;ici 2025.<\/p>\n<p><strong>L&rsquo;impact de l&rsquo;intelligence artificielle sur le recrutement<\/strong><\/p>\n<p><strong>L&rsquo;automatisation du processus de recrutement<\/strong><\/p>\n<p>L&rsquo;intelligence artificielle r\u00e9volutionne \u00e9galement le processus de recrutement en automatisant les t\u00e2ches r\u00e9p\u00e9titives et chronophages. Les syst\u00e8mes de suivi des candidatures (ATS) utilisent des algorithmes pour trier et analyser les CV, identifiant les candidats les plus qualifi\u00e9s. Cette automatisation permet aux recruteurs de se concentrer sur des t\u00e2ches \u00e0 plus forte valeur ajout\u00e9e, telles que les entretiens et l&rsquo;\u00e9valuation des soft skills.  <\/p>\n<p>Samar Slim pr\u00e9cise: \u00ab\u00a0<em>L&rsquo;IA permet aux recruteurs de gagner en efficacit\u00e9 et en pr\u00e9cision. Les outils d&rsquo;analyse aident \u00e0 identifier les candidats qui ont non seulement les comp\u00e9tences techniques requises, mais aussi la culture d&rsquo;entreprise adapt\u00e9e. Au sein de NAOS International, nous utilisons notamment Assessfirst pour l\u2019aide \u00e0 l\u2019\u00e9valuation pr\u00e9dictive  <\/em>.\u00a0\u00bb<\/p>\n<p>AssessFirst cr\u00e9e des solutions avanc\u00e9es pour le recrutement et la gestion des talents en s&rsquo;appuyant sur l&rsquo;IA et le machine learning.<\/p>\n<p>Sa plateforme propose des tests en ligne permettant aux recruteurs de jauger le profil des candidats en fonction de leur personnalit\u00e9, de leurs motivations et de leurs capacit\u00e9s cognitives.<\/p>\n<p><strong>L&rsquo;utilisation des chatbots et des assistants virtuels<\/strong><\/p>\n<p>Si on peut l\u2019observer dans le monde du retail notamment, les chatbots et les assistants virtuels sont de plus en plus utilis\u00e9s pour am\u00e9liorer l&rsquo;exp\u00e9rience candidat. Ils peuvent r\u00e9pondre aux questions fr\u00e9quentes, planifier des entretiens et fournir des mises \u00e0 jour sur l&rsquo;\u00e9tat des candidatures. Ces outils r\u00e9duisent le temps de r\u00e9ponse et augmentent l&rsquo;engagement des candidats, tout en lib\u00e9rant du temps pour les recruteurs.  <\/p>\n<p>En automatisant de nombreuses t\u00e2ches, le RPA (Robotic Process Automation) am\u00e9liore le quotidien des employ\u00e9s et permet de g\u00e9rer les comp\u00e9tences et les co\u00fbts croissants associ\u00e9s \u00e0 l&rsquo;impact humain de ces t\u00e2ches r\u00e9p\u00e9titives et peu valorisantes (comme le burn-out ou le bore-out).<\/p>\n<p>Contrairement au dogme traditionnel sur le partage du temps de travail, et gr\u00e2ce au d\u00e9veloppement du big data, l&rsquo;automatisation des processus permet de redistribuer le temps de travail, souvent consid\u00e9r\u00e9 comme co\u00fbteux en France, vers des activit\u00e9s \u00e0 plus forte valeur ajout\u00e9e.<\/p>\n<p>Ainsi, le digital devient un acc\u00e9l\u00e9rateur de mont\u00e9e en comp\u00e9tences.<\/p>\n<p><strong>La diversit\u00e9 et l&rsquo;inclusion au c\u0153ur du recrutement tech<\/strong><\/p>\n<p><strong>L&rsquo;importance de la diversit\u00e9 et de l&rsquo;inclusion<\/strong><\/p>\n<p>Aujourd\u2019hui, la diversit\u00e9 et l&rsquo;inclusion sont devenues des priorit\u00e9s strat\u00e9giques pour les entreprises technologiques. De nombreuses \u00e9tudes montrent que des \u00e9quipes diversifi\u00e9es sont plus innovantes et performantes. <br \/>Par exemple, 41 % des entreprises fran\u00e7aises relient le sujet de la diversit\u00e9 \u00e0 la notion d\u2019attractivit\u00e9 et de r\u00e9tention des talents. <\/p>\n<p>Afin de coller aux pr\u00e9tentions, plus seulement p\u00e9cuniaires des candidats, les entreprises cherchent \u00e0 recruter des talents issus de divers horizons, en termes de genre, d&rsquo;origine ethnique, de parcours \u00e9ducatif et de comp\u00e9tences.<\/p>\n<p>\u00ab\u00a0<em>La diversit\u00e9 et l&rsquo;inclusion ne sont pas seulement des imp\u00e9ratifs \u00e9thiques, mais aussi des leviers de performance. Les entreprises qui embrassent la diversit\u00e9 sont mieux plac\u00e9es pour comprendre et r\u00e9pondre aux besoins de leurs clients <\/em>\u00ab\u00a0<\/p>\n<p><strong>Les initiatives mises en place pour promouvoir la diversit\u00e9<\/strong><\/p>\n<p>Les entreprises mettent en place diverses initiatives pour promouvoir la diversit\u00e9 et l&rsquo;inclusion dans leurs processus de recrutement. Elles adoptent des pratiques de recrutement anonymes, formulent des descriptions de poste inclusives et forment leurs \u00e9quipes \u00e0 la gestion des biais inconscients. Des programmes de mentorat et de d\u00e9veloppement professionnel sont \u00e9galement instaur\u00e9s pour soutenir les talents issus de groupes sous-repr\u00e9sent\u00e9s.  <\/p>\n<p><strong>Conclusion<\/strong><\/p>\n<p>Le recrutement tech en 2024 est marqu\u00e9 par des \u00e9volutions significatives, dict\u00e9es par les avanc\u00e9es technologiques et les attentes soci\u00e9tales. Les comp\u00e9tences en intelligence artificielle, en cybers\u00e9curit\u00e9 ou en d\u00e9veloppement durable sont particuli\u00e8rement pris\u00e9es. L&rsquo;IA transforme le processus de recrutement, offrant des outils puissants pour automatiser et am\u00e9liorer l&rsquo;efficacit\u00e9 des recrutements. Parall\u00e8lement, la diversit\u00e9 et l&rsquo;inclusion sont devenues des priorit\u00e9s strat\u00e9giques, soutenues par des initiatives et des technologies d\u00e9di\u00e9es. Pour attirer les meilleurs talents, les entreprises doivent adopter une approche holistique et innovante, en phase avec ces tendances \u00e9mergentes.    <\/p>\n\t\t\t\t\t\t\t\t<\/div>\n\t\t\t\t<\/div>\n\t\t\t\t\t<\/div>\n\t\t\t\t<\/div>\n\t\t<div class=\"elementor-element elementor-element-0d85a4a e-flex e-con-boxed e-con e-parent\" data-id=\"0d85a4a\" data-element_type=\"container\" data-e-type=\"container\">\n\t\t\t\t\t<div class=\"e-con-inner\">\n\t\t\t\t<div class=\"elementor-element elementor-element-d96c419 elementor-widget elementor-widget-spacer\" data-id=\"d96c419\" data-element_type=\"widget\" data-e-type=\"widget\" data-widget_type=\"spacer.default\">\n\t\t\t\t<div class=\"elementor-widget-container\">\n\t\t\t\t\t\t\t<div class=\"elementor-spacer\">\n\t\t\t<div class=\"elementor-spacer-inner\"><\/div>\n\t\t<\/div>\n\t\t\t\t\t\t<\/div>\n\t\t\t\t<\/div>\n\t\t\t\t\t<\/div>\n\t\t\t\t<\/div>\n\t\t\t\t<\/div>\n\t\t","protected":false},"excerpt":{"rendered":"<p>On le sait, le secteur des technologiques \u00e9volue \u00e0 une vitesse fulgurante. Jour apr\u00e8s jour, notre quotidien est refa\u00e7onn\u00e9 et en m\u00eame temps les attentes en mati\u00e8re de recrutement. En 2024, les entreprises font face \u00e0 des d\u00e9fis in\u00e9dits et doivent adapter leurs strat\u00e9gies de recrutement pour attirer les meilleurs talents. Ici, nous aborderons les [&hellip;]<\/p>\n","protected":false},"author":4,"featured_media":4093,"comment_status":"closed","ping_status":"closed","sticky":false,"template":"","format":"standard","meta":{"content-type":"","footnotes":""},"categories":[30],"tags":[],"class_list":["post-4936","post","type-post","status-publish","format-standard","has-post-thumbnail","hentry","category-news-fr"],"blocksy_meta":[],"yoast_head":"<!-- This site is optimized with the Yoast SEO plugin v27.5 - https:\/\/yoast.com\/product\/yoast-seo-wordpress\/ -->\n<title>Les tendances \u00e9mergentes dans le recrutement Tech et Digital en 2024 | NAOS International<\/title>\n<meta name=\"description\" content=\"Samar Slim, notre directrice de practice, nous livre ses r\u00e9flexions sur les tendances \u00e9mergentes en mati\u00e8re de recrutement dans la tech et le digital en 2024.\" \/>\n<meta name=\"robots\" content=\"index, follow, max-snippet:-1, max-image-preview:large, max-video-preview:-1\" \/>\n<link rel=\"canonical\" href=\"https:\/\/www.naos-international.com\/fr\/et-si-la-vente-de-rafale-a-la-serbie-rebattait-les-cartes-dans-les-balkans-2\/\" \/>\n<meta property=\"og:locale\" content=\"fr_FR\" \/>\n<meta property=\"og:type\" content=\"article\" \/>\n<meta property=\"og:title\" content=\"Les tendances \u00e9mergentes dans le recrutement Tech et Digital en 2024\" \/>\n<meta property=\"og:description\" content=\"Samar Slim, notre directrice de practice, nous livre ses r\u00e9flexions sur les tendances \u00e9mergentes en mati\u00e8re de recrutement dans la tech et le digital en 2024.\" \/>\n<meta property=\"og:url\" content=\"https:\/\/www.naos-international.com\/fr\/et-si-la-vente-de-rafale-a-la-serbie-rebattait-les-cartes-dans-les-balkans-2\/\" \/>\n<meta property=\"og:site_name\" content=\"NAOS International\" \/>\n<meta property=\"article:published_time\" content=\"2024-09-09T13:46:31+00:00\" \/>\n<meta property=\"article:modified_time\" content=\"2024-09-12T13:35:29+00:00\" \/>\n<meta property=\"og:image\" content=\"https:\/\/www.naos-international.com\/wp-content\/uploads\/2024\/09\/Rafale-C-attaque-Normandie-Niemen-couverture_AdlAE.jpg\" \/>\n\t<meta property=\"og:image:width\" content=\"800\" \/>\n\t<meta property=\"og:image:height\" content=\"450\" \/>\n\t<meta property=\"og:image:type\" content=\"image\/jpeg\" \/>\n<meta name=\"author\" content=\"Yannis\" \/>\n<meta name=\"twitter:card\" content=\"summary_large_image\" \/>\n<meta name=\"twitter:label1\" content=\"\u00c9crit par\" \/>\n\t<meta name=\"twitter:data1\" content=\"Yannis\" \/>\n\t<meta name=\"twitter:label2\" content=\"Dur\u00e9e de lecture estim\u00e9e\" \/>\n\t<meta name=\"twitter:data2\" content=\"3 minutes\" \/>\n<script type=\"application\/ld+json\" class=\"yoast-schema-graph\">{\"@context\":\"https:\\\/\\\/schema.org\",\"@graph\":[{\"@type\":\"Article\",\"@id\":\"https:\\\/\\\/www.naos-international.com\\\/fr\\\/et-si-la-vente-de-rafale-a-la-serbie-rebattait-les-cartes-dans-les-balkans-2\\\/#article\",\"isPartOf\":{\"@id\":\"https:\\\/\\\/www.naos-international.com\\\/fr\\\/et-si-la-vente-de-rafale-a-la-serbie-rebattait-les-cartes-dans-les-balkans-2\\\/\"},\"author\":{\"name\":\"Yannis\",\"@id\":\"https:\\\/\\\/www.naos-international.com\\\/fr\\\/#\\\/schema\\\/person\\\/d6eb617764421d16a6116bc492f3f461\"},\"headline\":\"Les tendances \u00e9mergentes dans le recrutement Tech et Digital en 2024\",\"datePublished\":\"2024-09-09T13:46:31+00:00\",\"dateModified\":\"2024-09-12T13:35:29+00:00\",\"mainEntityOfPage\":{\"@id\":\"https:\\\/\\\/www.naos-international.com\\\/fr\\\/et-si-la-vente-de-rafale-a-la-serbie-rebattait-les-cartes-dans-les-balkans-2\\\/\"},\"wordCount\":1261,\"publisher\":{\"@id\":\"https:\\\/\\\/www.naos-international.com\\\/fr\\\/#organization\"},\"image\":{\"@id\":\"https:\\\/\\\/www.naos-international.com\\\/fr\\\/et-si-la-vente-de-rafale-a-la-serbie-rebattait-les-cartes-dans-les-balkans-2\\\/#primaryimage\"},\"thumbnailUrl\":\"https:\\\/\\\/www.naos-international.com\\\/wp-content\\\/uploads\\\/2024\\\/04\\\/startae-team-7tXA8xwe4W4-unsplash-scaled.jpg\",\"articleSection\":[\"News\"],\"inLanguage\":\"fr-FR\"},{\"@type\":\"WebPage\",\"@id\":\"https:\\\/\\\/www.naos-international.com\\\/fr\\\/et-si-la-vente-de-rafale-a-la-serbie-rebattait-les-cartes-dans-les-balkans-2\\\/\",\"url\":\"https:\\\/\\\/www.naos-international.com\\\/fr\\\/et-si-la-vente-de-rafale-a-la-serbie-rebattait-les-cartes-dans-les-balkans-2\\\/\",\"name\":\"Les tendances \u00e9mergentes dans le recrutement Tech et Digital en 2024 | NAOS International\",\"isPartOf\":{\"@id\":\"https:\\\/\\\/www.naos-international.com\\\/fr\\\/#website\"},\"primaryImageOfPage\":{\"@id\":\"https:\\\/\\\/www.naos-international.com\\\/fr\\\/et-si-la-vente-de-rafale-a-la-serbie-rebattait-les-cartes-dans-les-balkans-2\\\/#primaryimage\"},\"image\":{\"@id\":\"https:\\\/\\\/www.naos-international.com\\\/fr\\\/et-si-la-vente-de-rafale-a-la-serbie-rebattait-les-cartes-dans-les-balkans-2\\\/#primaryimage\"},\"thumbnailUrl\":\"https:\\\/\\\/www.naos-international.com\\\/wp-content\\\/uploads\\\/2024\\\/04\\\/startae-team-7tXA8xwe4W4-unsplash-scaled.jpg\",\"datePublished\":\"2024-09-09T13:46:31+00:00\",\"dateModified\":\"2024-09-12T13:35:29+00:00\",\"description\":\"Samar Slim, notre directrice de practice, nous livre ses r\u00e9flexions sur les tendances \u00e9mergentes en mati\u00e8re de recrutement dans la tech et le digital en 2024.\",\"breadcrumb\":{\"@id\":\"https:\\\/\\\/www.naos-international.com\\\/fr\\\/et-si-la-vente-de-rafale-a-la-serbie-rebattait-les-cartes-dans-les-balkans-2\\\/#breadcrumb\"},\"inLanguage\":\"fr-FR\",\"potentialAction\":[{\"@type\":\"ReadAction\",\"target\":[\"https:\\\/\\\/www.naos-international.com\\\/fr\\\/et-si-la-vente-de-rafale-a-la-serbie-rebattait-les-cartes-dans-les-balkans-2\\\/\"]}]},{\"@type\":\"ImageObject\",\"inLanguage\":\"fr-FR\",\"@id\":\"https:\\\/\\\/www.naos-international.com\\\/fr\\\/et-si-la-vente-de-rafale-a-la-serbie-rebattait-les-cartes-dans-les-balkans-2\\\/#primaryimage\",\"url\":\"https:\\\/\\\/www.naos-international.com\\\/wp-content\\\/uploads\\\/2024\\\/04\\\/startae-team-7tXA8xwe4W4-unsplash-scaled.jpg\",\"contentUrl\":\"https:\\\/\\\/www.naos-international.com\\\/wp-content\\\/uploads\\\/2024\\\/04\\\/startae-team-7tXA8xwe4W4-unsplash-scaled.jpg\",\"width\":2560,\"height\":1707},{\"@type\":\"BreadcrumbList\",\"@id\":\"https:\\\/\\\/www.naos-international.com\\\/fr\\\/et-si-la-vente-de-rafale-a-la-serbie-rebattait-les-cartes-dans-les-balkans-2\\\/#breadcrumb\",\"itemListElement\":[{\"@type\":\"ListItem\",\"position\":1,\"name\":\"Home\",\"item\":\"https:\\\/\\\/www.naos-international.com\\\/fr\\\/\"},{\"@type\":\"ListItem\",\"position\":2,\"name\":\"Les tendances \u00e9mergentes dans le recrutement Tech et Digital en 2024\"}]},{\"@type\":\"WebSite\",\"@id\":\"https:\\\/\\\/www.naos-international.com\\\/fr\\\/#website\",\"url\":\"https:\\\/\\\/www.naos-international.com\\\/fr\\\/\",\"name\":\"NAOS International\",\"description\":\"Executive Search - Bridging Worlds, Building Careers\",\"publisher\":{\"@id\":\"https:\\\/\\\/www.naos-international.com\\\/fr\\\/#organization\"},\"potentialAction\":[{\"@type\":\"SearchAction\",\"target\":{\"@type\":\"EntryPoint\",\"urlTemplate\":\"https:\\\/\\\/www.naos-international.com\\\/fr\\\/?s={search_term_string}\"},\"query-input\":{\"@type\":\"PropertyValueSpecification\",\"valueRequired\":true,\"valueName\":\"search_term_string\"}}],\"inLanguage\":\"fr-FR\"},{\"@type\":\"Organization\",\"@id\":\"https:\\\/\\\/www.naos-international.com\\\/fr\\\/#organization\",\"name\":\"NAOS International\",\"url\":\"https:\\\/\\\/www.naos-international.com\\\/fr\\\/\",\"logo\":{\"@type\":\"ImageObject\",\"inLanguage\":\"fr-FR\",\"@id\":\"https:\\\/\\\/www.naos-international.com\\\/fr\\\/#\\\/schema\\\/logo\\\/image\\\/\",\"url\":\"https:\\\/\\\/www.naos-international.com\\\/wp-content\\\/uploads\\\/2024\\\/03\\\/cropped-naos-international-favicon.png\",\"contentUrl\":\"https:\\\/\\\/www.naos-international.com\\\/wp-content\\\/uploads\\\/2024\\\/03\\\/cropped-naos-international-favicon.png\",\"width\":512,\"height\":512,\"caption\":\"NAOS International\"},\"image\":{\"@id\":\"https:\\\/\\\/www.naos-international.com\\\/fr\\\/#\\\/schema\\\/logo\\\/image\\\/\"}},{\"@type\":\"Person\",\"@id\":\"https:\\\/\\\/www.naos-international.com\\\/fr\\\/#\\\/schema\\\/person\\\/d6eb617764421d16a6116bc492f3f461\",\"name\":\"Yannis\",\"image\":{\"@type\":\"ImageObject\",\"inLanguage\":\"fr-FR\",\"@id\":\"https:\\\/\\\/secure.gravatar.com\\\/avatar\\\/83ad40b3c460d3f9d9a90d8c46c5a9fae603509151695b1cb2710f1afc684eaa?s=96&d=mm&r=g\",\"url\":\"https:\\\/\\\/secure.gravatar.com\\\/avatar\\\/83ad40b3c460d3f9d9a90d8c46c5a9fae603509151695b1cb2710f1afc684eaa?s=96&d=mm&r=g\",\"contentUrl\":\"https:\\\/\\\/secure.gravatar.com\\\/avatar\\\/83ad40b3c460d3f9d9a90d8c46c5a9fae603509151695b1cb2710f1afc684eaa?s=96&d=mm&r=g\",\"caption\":\"Yannis\"}}]}<\/script>\n<!-- \/ Yoast SEO plugin. -->","yoast_head_json":{"title":"Les tendances \u00e9mergentes dans le recrutement Tech et Digital en 2024 | NAOS International","description":"Samar Slim, notre directrice de practice, nous livre ses r\u00e9flexions sur les tendances \u00e9mergentes en mati\u00e8re de recrutement dans la tech et le digital en 2024.","robots":{"index":"index","follow":"follow","max-snippet":"max-snippet:-1","max-image-preview":"max-image-preview:large","max-video-preview":"max-video-preview:-1"},"canonical":"https:\/\/www.naos-international.com\/fr\/et-si-la-vente-de-rafale-a-la-serbie-rebattait-les-cartes-dans-les-balkans-2\/","og_locale":"fr_FR","og_type":"article","og_title":"Les tendances \u00e9mergentes dans le recrutement Tech et Digital en 2024","og_description":"Samar Slim, notre directrice de practice, nous livre ses r\u00e9flexions sur les tendances \u00e9mergentes en mati\u00e8re de recrutement dans la tech et le digital en 2024.","og_url":"https:\/\/www.naos-international.com\/fr\/et-si-la-vente-de-rafale-a-la-serbie-rebattait-les-cartes-dans-les-balkans-2\/","og_site_name":"NAOS International","article_published_time":"2024-09-09T13:46:31+00:00","article_modified_time":"2024-09-12T13:35:29+00:00","og_image":[{"width":800,"height":450,"url":"https:\/\/www.naos-international.com\/wp-content\/uploads\/2024\/09\/Rafale-C-attaque-Normandie-Niemen-couverture_AdlAE.jpg","type":"image\/jpeg"}],"author":"Yannis","twitter_card":"summary_large_image","twitter_misc":{"\u00c9crit par":"Yannis","Dur\u00e9e de lecture estim\u00e9e":"3 minutes"},"schema":{"@context":"https:\/\/schema.org","@graph":[{"@type":"Article","@id":"https:\/\/www.naos-international.com\/fr\/et-si-la-vente-de-rafale-a-la-serbie-rebattait-les-cartes-dans-les-balkans-2\/#article","isPartOf":{"@id":"https:\/\/www.naos-international.com\/fr\/et-si-la-vente-de-rafale-a-la-serbie-rebattait-les-cartes-dans-les-balkans-2\/"},"author":{"name":"Yannis","@id":"https:\/\/www.naos-international.com\/fr\/#\/schema\/person\/d6eb617764421d16a6116bc492f3f461"},"headline":"Les tendances \u00e9mergentes dans le recrutement Tech et Digital en 2024","datePublished":"2024-09-09T13:46:31+00:00","dateModified":"2024-09-12T13:35:29+00:00","mainEntityOfPage":{"@id":"https:\/\/www.naos-international.com\/fr\/et-si-la-vente-de-rafale-a-la-serbie-rebattait-les-cartes-dans-les-balkans-2\/"},"wordCount":1261,"publisher":{"@id":"https:\/\/www.naos-international.com\/fr\/#organization"},"image":{"@id":"https:\/\/www.naos-international.com\/fr\/et-si-la-vente-de-rafale-a-la-serbie-rebattait-les-cartes-dans-les-balkans-2\/#primaryimage"},"thumbnailUrl":"https:\/\/www.naos-international.com\/wp-content\/uploads\/2024\/04\/startae-team-7tXA8xwe4W4-unsplash-scaled.jpg","articleSection":["News"],"inLanguage":"fr-FR"},{"@type":"WebPage","@id":"https:\/\/www.naos-international.com\/fr\/et-si-la-vente-de-rafale-a-la-serbie-rebattait-les-cartes-dans-les-balkans-2\/","url":"https:\/\/www.naos-international.com\/fr\/et-si-la-vente-de-rafale-a-la-serbie-rebattait-les-cartes-dans-les-balkans-2\/","name":"Les tendances \u00e9mergentes dans le recrutement Tech et Digital en 2024 | NAOS International","isPartOf":{"@id":"https:\/\/www.naos-international.com\/fr\/#website"},"primaryImageOfPage":{"@id":"https:\/\/www.naos-international.com\/fr\/et-si-la-vente-de-rafale-a-la-serbie-rebattait-les-cartes-dans-les-balkans-2\/#primaryimage"},"image":{"@id":"https:\/\/www.naos-international.com\/fr\/et-si-la-vente-de-rafale-a-la-serbie-rebattait-les-cartes-dans-les-balkans-2\/#primaryimage"},"thumbnailUrl":"https:\/\/www.naos-international.com\/wp-content\/uploads\/2024\/04\/startae-team-7tXA8xwe4W4-unsplash-scaled.jpg","datePublished":"2024-09-09T13:46:31+00:00","dateModified":"2024-09-12T13:35:29+00:00","description":"Samar Slim, notre directrice de practice, nous livre ses r\u00e9flexions sur les tendances \u00e9mergentes en mati\u00e8re de recrutement dans la tech et le digital en 2024.","breadcrumb":{"@id":"https:\/\/www.naos-international.com\/fr\/et-si-la-vente-de-rafale-a-la-serbie-rebattait-les-cartes-dans-les-balkans-2\/#breadcrumb"},"inLanguage":"fr-FR","potentialAction":[{"@type":"ReadAction","target":["https:\/\/www.naos-international.com\/fr\/et-si-la-vente-de-rafale-a-la-serbie-rebattait-les-cartes-dans-les-balkans-2\/"]}]},{"@type":"ImageObject","inLanguage":"fr-FR","@id":"https:\/\/www.naos-international.com\/fr\/et-si-la-vente-de-rafale-a-la-serbie-rebattait-les-cartes-dans-les-balkans-2\/#primaryimage","url":"https:\/\/www.naos-international.com\/wp-content\/uploads\/2024\/04\/startae-team-7tXA8xwe4W4-unsplash-scaled.jpg","contentUrl":"https:\/\/www.naos-international.com\/wp-content\/uploads\/2024\/04\/startae-team-7tXA8xwe4W4-unsplash-scaled.jpg","width":2560,"height":1707},{"@type":"BreadcrumbList","@id":"https:\/\/www.naos-international.com\/fr\/et-si-la-vente-de-rafale-a-la-serbie-rebattait-les-cartes-dans-les-balkans-2\/#breadcrumb","itemListElement":[{"@type":"ListItem","position":1,"name":"Home","item":"https:\/\/www.naos-international.com\/fr\/"},{"@type":"ListItem","position":2,"name":"Les tendances \u00e9mergentes dans le recrutement Tech et Digital en 2024"}]},{"@type":"WebSite","@id":"https:\/\/www.naos-international.com\/fr\/#website","url":"https:\/\/www.naos-international.com\/fr\/","name":"NAOS International","description":"Executive Search - Bridging Worlds, Building Careers","publisher":{"@id":"https:\/\/www.naos-international.com\/fr\/#organization"},"potentialAction":[{"@type":"SearchAction","target":{"@type":"EntryPoint","urlTemplate":"https:\/\/www.naos-international.com\/fr\/?s={search_term_string}"},"query-input":{"@type":"PropertyValueSpecification","valueRequired":true,"valueName":"search_term_string"}}],"inLanguage":"fr-FR"},{"@type":"Organization","@id":"https:\/\/www.naos-international.com\/fr\/#organization","name":"NAOS International","url":"https:\/\/www.naos-international.com\/fr\/","logo":{"@type":"ImageObject","inLanguage":"fr-FR","@id":"https:\/\/www.naos-international.com\/fr\/#\/schema\/logo\/image\/","url":"https:\/\/www.naos-international.com\/wp-content\/uploads\/2024\/03\/cropped-naos-international-favicon.png","contentUrl":"https:\/\/www.naos-international.com\/wp-content\/uploads\/2024\/03\/cropped-naos-international-favicon.png","width":512,"height":512,"caption":"NAOS International"},"image":{"@id":"https:\/\/www.naos-international.com\/fr\/#\/schema\/logo\/image\/"}},{"@type":"Person","@id":"https:\/\/www.naos-international.com\/fr\/#\/schema\/person\/d6eb617764421d16a6116bc492f3f461","name":"Yannis","image":{"@type":"ImageObject","inLanguage":"fr-FR","@id":"https:\/\/secure.gravatar.com\/avatar\/83ad40b3c460d3f9d9a90d8c46c5a9fae603509151695b1cb2710f1afc684eaa?s=96&d=mm&r=g","url":"https:\/\/secure.gravatar.com\/avatar\/83ad40b3c460d3f9d9a90d8c46c5a9fae603509151695b1cb2710f1afc684eaa?s=96&d=mm&r=g","contentUrl":"https:\/\/secure.gravatar.com\/avatar\/83ad40b3c460d3f9d9a90d8c46c5a9fae603509151695b1cb2710f1afc684eaa?s=96&d=mm&r=g","caption":"Yannis"}}]}},"_links":{"self":[{"href":"https:\/\/www.naos-international.com\/fr\/wp-json\/wp\/v2\/posts\/4936","targetHints":{"allow":["GET"]}}],"collection":[{"href":"https:\/\/www.naos-international.com\/fr\/wp-json\/wp\/v2\/posts"}],"about":[{"href":"https:\/\/www.naos-international.com\/fr\/wp-json\/wp\/v2\/types\/post"}],"author":[{"embeddable":true,"href":"https:\/\/www.naos-international.com\/fr\/wp-json\/wp\/v2\/users\/4"}],"replies":[{"embeddable":true,"href":"https:\/\/www.naos-international.com\/fr\/wp-json\/wp\/v2\/comments?post=4936"}],"version-history":[{"count":0,"href":"https:\/\/www.naos-international.com\/fr\/wp-json\/wp\/v2\/posts\/4936\/revisions"}],"wp:featuredmedia":[{"embeddable":true,"href":"https:\/\/www.naos-international.com\/fr\/wp-json\/wp\/v2\/media\/4093"}],"wp:attachment":[{"href":"https:\/\/www.naos-international.com\/fr\/wp-json\/wp\/v2\/media?parent=4936"}],"wp:term":[{"taxonomy":"category","embeddable":true,"href":"https:\/\/www.naos-international.com\/fr\/wp-json\/wp\/v2\/categories?post=4936"},{"taxonomy":"post_tag","embeddable":true,"href":"https:\/\/www.naos-international.com\/fr\/wp-json\/wp\/v2\/tags?post=4936"}],"curies":[{"name":"wp","href":"https:\/\/api.w.org\/{rel}","templated":true}]}}