{"id":5320,"date":"2024-12-02T14:53:30","date_gmt":"2024-12-02T13:53:30","guid":{"rendered":"https:\/\/www.naos-international.com\/la-reconversion-des-militaires-un-atout-strategique-pour-le-secteur-prive\/"},"modified":"2024-12-02T17:45:00","modified_gmt":"2024-12-02T16:45:00","slug":"la-reconversion-des-militaires-un-atout-strategique-pour-le-secteur-prive","status":"publish","type":"post","link":"https:\/\/www.naos-international.com\/fr\/la-reconversion-des-militaires-un-atout-strategique-pour-le-secteur-prive\/","title":{"rendered":"La reconversion des militaires : Un atout strat\u00e9gique pour le secteur priv\u00e9"},"content":{"rendered":"\t\t<div data-elementor-type=\"wp-post\" data-elementor-id=\"5320\" class=\"elementor elementor-5320 elementor-5311\" data-elementor-post-type=\"post\">\n\t\t\t\t<div class=\"elementor-element elementor-element-0e25536 e-flex e-con-boxed e-con e-parent\" data-id=\"0e25536\" data-element_type=\"container\" data-e-type=\"container\">\n\t\t\t\t\t<div class=\"e-con-inner\">\n\t\t\t\t<div class=\"elementor-element elementor-element-2b2052c elementor-widget elementor-widget-text-editor\" data-id=\"2b2052c\" data-element_type=\"widget\" data-e-type=\"widget\" data-widget_type=\"text-editor.default\">\n\t\t\t\t<div class=\"elementor-widget-container\">\n\t\t\t\t\t\t\t\t\t<p>Le sujet de la reconversion chez les militaires concerne en moyenne chaque ann\u00e9e environ 17 000 personnes, selon le<a href=\"https:\/\/www.defense.gouv.fr\" target=\"_blank\" rel=\"noopener\"> minist\u00e8re des Arm\u00e9es. <\/a><br \/>Ces professionnels hautement qualifi\u00e9s apportent avec eux un ensemble de comp\u00e9tences techniques et manag\u00e9riales pr\u00e9cieuses pour les entreprises, notamment dans les secteurs de l&rsquo;a\u00e9ronautique, de la d\u00e9fense et de la s\u00e9curit\u00e9. Pourtant, leur int\u00e9gration dans le monde civil reste un d\u00e9fi tant pour les recruteurs que pour les candidats. <\/p>\n<h4><strong>Des comp\u00e9tences techniques et interpersonnelles \u00e9lev\u00e9es : Un capital humain sous-exploit\u00e9<\/strong><\/h4>\n<p>Les militaires disposent d&rsquo;un ensemble de comp\u00e9tences techniques et op\u00e9rationnelles acquises au cours de leur service. <br \/>Le premier est le sens de l\u2019engagement commun \u00e0 tous les militaires en reconversion coupl\u00e9 \u00e0 une stabilit\u00e9 \u00e9motionnelle et une r\u00e9sistance au stress souvent plus accrue que la moyenne.<\/p>\n<p>Selon une \u00e9tude de l&rsquo;<a href=\"https:\/\/www.institutmontaigne.org\" target=\"_blank\" rel=\"noopener\">Institut Montaigne<\/a>, 65 % des militaires en reconversion poss\u00e8dent des comp\u00e9tences techniques directement transf\u00e9rables au secteur priv\u00e9. Ces comp\u00e9tences incluent la ma\u00eetrise des technologies de pointe, la gestion de projets complexes et une connaissance approfondie des syst\u00e8mes de d\u00e9fense et de s\u00e9curit\u00e9. <\/p>\n<p>In the aerospace sector, for example, former military personnel provide valuable expertise in aircraft maintenance, aviation safety management, and logistics. Recognizing this, Airbus has recently launched a targeted recruitment program for transitioning military professionals, highlighting their added value to its operations. <\/p>\n<p>\u201c<em>Les militaires apportent souvent une rigueur et une expertise technique qui sont int\u00e9ressantes pour des secteurs comme l&rsquo;a\u00e9ronautique et la d\u00e9fense. Leur capacit\u00e9 \u00e0 op\u00e9rer dans des environnements complexes est un atout majeur pour les entreprises <\/em>,\u201d souligne <a href=\"https:\/\/www.naos-international.com\/fr\/a-propos\/notre-equipe\/maximilien-de-boyer\/\" target=\"_blank\" rel=\"noopener\">Maximilien de Boyer<\/a>, Practice Director chez NAOS International.<\/p>\n<p>Le secteur de la s\u00e9curit\u00e9 priv\u00e9e b\u00e9n\u00e9ficie \u00e9galement de l&rsquo;exp\u00e9rience des militaires, notamment en mati\u00e8re de gestion des risques, de cybers\u00e9curit\u00e9 et de protection des infrastructures sensibles. Des entreprises comme <a href=\"https:\/\/www.thalesgroup.com\/en\" target=\"_blank\" rel=\"noopener\">Thales<\/a> et <a href=\"https:\/\/www.safran-group.com\/fr\" target=\"_blank\" rel=\"noopener\">Safran<\/a> ont mis en place des partenariats avec le minist\u00e8re des Arm\u00e9es pour faciliter l&rsquo;int\u00e9gration des militaires dans leurs \u00e9quipes. <\/p>\n<h4><strong>Compatibilit\u00e9 avec les secteurs de l&rsquo;a\u00e9ronautique, de la d\u00e9fense et de la s\u00e9curit\u00e9<\/strong><\/h4>\n<p>Les secteurs de l&rsquo;a\u00e9ronautique, de la d\u00e9fense et de la s\u00e9curit\u00e9 sont naturellement align\u00e9s avec les comp\u00e9tences et l&rsquo;exp\u00e9rience des militaires. Ces industries recherchent des professionnels capables de g\u00e9rer des environnements complexes et de s&rsquo;adapter rapidement aux \u00e9volutions technologiques. <\/p>\n<p>Selon le <a href=\"https:\/\/www.gifas.fr\" target=\"_blank\" rel=\"noopener\">Groupement des Industries Fran\u00e7aises A\u00e9ronautiques et Spatiales (GIFAS<\/a>), le secteur pr\u00e9voit de recruter plus de 15\u202f000 personnes par an jusqu&rsquo;en 2025, dont une proportion significative pour des postes de cadres et d&rsquo;ing\u00e9nieurs. Les militaires en reconversion repr\u00e9sentent une r\u00e9serve de talents id\u00e9ale pour r\u00e9pondre \u00e0 ces besoins. <\/p>\n<p>\u201c<em>Les entreprises ont tout int\u00e9r\u00eat \u00e0 consid\u00e9rer les militaires en reconversion pour des postes de haut niveau. Leur leadership naturel, leur haut sens de la confidentialit\u00e9 et leur exp\u00e9rience op\u00e9rationnelle sont des qualit\u00e9s rares sur le march\u00e9 du travail <\/em>\u201d consid\u00e8re <a href=\"https:\/\/www.naos-international.com\/fr\/a-propos\/notre-equipe\/alice-lebugle\/\" target=\"_blank\" rel=\"noopener\">Alice Lebugle<\/a>, consultante en recrutement chez NAOS International.<\/p>\n<p>De plus, la connaissance des protocoles de s\u00e9curit\u00e9 et des r\u00e9glementations internationales acquise par les militaires est un atout majeur pour les entreprises op\u00e9rant \u00e0 l&rsquo;\u00e9chelle mondiale. Leur exp\u00e9rience dans la coordination de missions internationales et la gestion de crises les rend particuli\u00e8rement aptes \u00e0 occuper des postes \u00e0 responsabilit\u00e9s. <\/p>\n<h4><strong>Les enjeux de l&rsquo;int\u00e9gration : accompagnement et valorisation des comp\u00e9tences<\/strong><\/h4>\n<p>Malgr\u00e9 ces avantages, l&rsquo;int\u00e9gration des militaires dans le secteur priv\u00e9 pose des d\u00e9fis. Les recruteurs peuvent avoir des appr\u00e9hensions quant \u00e0 la capacit\u00e9 des militaires \u00e0 s&rsquo;adapter \u00e0 la culture d&rsquo;entreprise civile. De leur c\u00f4t\u00e9, les militaires peuvent \u00e9prouver des difficult\u00e9s \u00e0 traduire leurs comp\u00e9tences dans un langage compr\u00e9hensible pour les employeurs du secteur priv\u00e9.  <\/p>\n<p>\u201c<em>L&rsquo;accompagnement est essentiel pour r\u00e9ussir la transition des militaires vers le secteur priv\u00e9. Si les entreprises doivent ouvrir leurs portes aux futurs v\u00e9t\u00e9rans, ces derniers doivent \u00e9galement \u00eatre capables de \u201ccivilianiser\u201d leurs parcours, c\u2019est-\u00e0-dire traduire leur CV afin de le rendre compr\u00e9hensible par tous <\/em>\u201d ajoute Maximilien de Boyer.<\/p>\n<p>Des organismes tels que <a href=\"https:\/\/www.defense.gouv.fr\/defense-mobilite\" target=\"_blank\" rel=\"noopener\">D\u00e9fense Mobilit\u00e9<\/a>, le service de reconversion de la D\u00e9fense, offrent des formations et des conseils pour aider les militaires \u00e0 valoriser leur exp\u00e9rience. De plus, les cabinets de recrutement sp\u00e9cialis\u00e9s jouent un r\u00f4le cl\u00e9 en faisant le lien entre les entreprises et les candidats, en comprenant les besoins des deux parties. <\/p>\n<p>\u00a0\u00bb <em>Il est important de sensibiliser les recruteurs aux atouts des militaires. Et pas seulement dans des secteurs naturels de reconversion comme l\u2019a\u00e9ronautique ou la s\u00e9curit\u00e9<\/em> \u00ab\u00a0, pr\u00e9cise Alice Lebugle.<\/p>\n<p>En investissant dans des programmes d\u00e9di\u00e9s et en reconnaissant la valeur unique que les militaires apportent, les dirigeants peuvent renforcer leur comp\u00e9titivit\u00e9 tout en offrant une seconde carri\u00e8re enrichissante \u00e0 ceux qui ont servi. La reconversion des militaires n&rsquo;est pas seulement une question de recrutement, mais aussi une occasion de b\u00e2tir des organisations plus fortes et plus r\u00e9silientes face \u00e0 l\u2019adversit\u00e9 et la concurrence. <\/p>\n\t\t\t\t\t\t\t\t<\/div>\n\t\t\t\t<\/div>\n\t\t\t\t\t<\/div>\n\t\t\t\t<\/div>\n\t\t\t\t<\/div>\n\t\t","protected":false},"excerpt":{"rendered":"<p>Le sujet de la reconversion chez les militaires concerne en moyenne chaque ann\u00e9e environ 17 000 personnes, selon le minist\u00e8re des Arm\u00e9es. Ces professionnels hautement qualifi\u00e9s apportent avec eux un ensemble de comp\u00e9tences techniques et manag\u00e9riales pr\u00e9cieuses pour les entreprises, notamment dans les secteurs de l&rsquo;a\u00e9ronautique, de la d\u00e9fense et de la s\u00e9curit\u00e9. Pourtant, leur [&hellip;]<\/p>\n","protected":false},"author":4,"featured_media":5319,"comment_status":"closed","ping_status":"closed","sticky":false,"template":"","format":"standard","meta":{"content-type":"","footnotes":""},"categories":[30],"tags":[],"class_list":["post-5320","post","type-post","status-publish","format-standard","has-post-thumbnail","hentry","category-news-fr"],"blocksy_meta":[],"yoast_head":"<!-- This site is optimized with the Yoast SEO plugin v27.5 - https:\/\/yoast.com\/product\/yoast-seo-wordpress\/ -->\n<title>La reconversion des militaires : Un atout strat\u00e9gique pour le secteur priv\u00e9 | NAOS International<\/title>\n<meta name=\"description\" content=\"Le sujet de la reconversion chez les militaires concerne en moyenne chaque ann\u00e9e environ 17 000 personnes, selon le minist\u00e8re des Arm\u00e9es.\" \/>\n<meta name=\"robots\" content=\"index, follow, max-snippet:-1, max-image-preview:large, max-video-preview:-1\" \/>\n<link rel=\"canonical\" href=\"https:\/\/www.naos-international.com\/fr\/la-reconversion-des-militaires-un-atout-strategique-pour-le-secteur-prive\/\" \/>\n<meta property=\"og:locale\" content=\"fr_FR\" \/>\n<meta property=\"og:type\" content=\"article\" \/>\n<meta property=\"og:title\" content=\"La reconversion des militaires : Un atout strat\u00e9gique pour le secteur priv\u00e9\" \/>\n<meta property=\"og:description\" content=\"Le sujet de la reconversion chez les militaires concerne en moyenne chaque ann\u00e9e environ 17 000 personnes, selon le minist\u00e8re des Arm\u00e9es.\" \/>\n<meta property=\"og:url\" content=\"https:\/\/www.naos-international.com\/fr\/la-reconversion-des-militaires-un-atout-strategique-pour-le-secteur-prive\/\" \/>\n<meta property=\"og:site_name\" content=\"NAOS International\" \/>\n<meta property=\"article:published_time\" content=\"2024-12-02T13:53:30+00:00\" \/>\n<meta property=\"article:modified_time\" content=\"2024-12-02T16:45:00+00:00\" \/>\n<meta property=\"og:image\" content=\"https:\/\/www.naos-international.com\/wp-content\/uploads\/2024\/12\/2022_SGA_defense_mobilite-768x432.png\" \/>\n<meta name=\"author\" content=\"Yannis\" \/>\n<meta name=\"twitter:card\" content=\"summary_large_image\" \/>\n<meta name=\"twitter:label1\" content=\"\u00c9crit par\" \/>\n\t<meta name=\"twitter:data1\" content=\"Yannis\" \/>\n\t<meta name=\"twitter:label2\" content=\"Dur\u00e9e de lecture estim\u00e9e\" \/>\n\t<meta name=\"twitter:data2\" content=\"4 minutes\" \/>\n<script type=\"application\/ld+json\" class=\"yoast-schema-graph\">{\"@context\":\"https:\\\/\\\/schema.org\",\"@graph\":[{\"@type\":\"Article\",\"@id\":\"https:\\\/\\\/www.naos-international.com\\\/fr\\\/la-reconversion-des-militaires-un-atout-strategique-pour-le-secteur-prive\\\/#article\",\"isPartOf\":{\"@id\":\"https:\\\/\\\/www.naos-international.com\\\/fr\\\/la-reconversion-des-militaires-un-atout-strategique-pour-le-secteur-prive\\\/\"},\"author\":{\"name\":\"Yannis\",\"@id\":\"https:\\\/\\\/www.naos-international.com\\\/fr\\\/#\\\/schema\\\/person\\\/d6eb617764421d16a6116bc492f3f461\"},\"headline\":\"La reconversion des militaires : Un atout strat\u00e9gique pour le secteur priv\u00e9\",\"datePublished\":\"2024-12-02T13:53:30+00:00\",\"dateModified\":\"2024-12-02T16:45:00+00:00\",\"mainEntityOfPage\":{\"@id\":\"https:\\\/\\\/www.naos-international.com\\\/fr\\\/la-reconversion-des-militaires-un-atout-strategique-pour-le-secteur-prive\\\/\"},\"wordCount\":882,\"publisher\":{\"@id\":\"https:\\\/\\\/www.naos-international.com\\\/fr\\\/#organization\"},\"image\":{\"@id\":\"https:\\\/\\\/www.naos-international.com\\\/fr\\\/la-reconversion-des-militaires-un-atout-strategique-pour-le-secteur-prive\\\/#primaryimage\"},\"thumbnailUrl\":\"https:\\\/\\\/www.naos-international.com\\\/wp-content\\\/uploads\\\/2024\\\/12\\\/2022_SGA_defense_mobilite.png\",\"articleSection\":[\"News\"],\"inLanguage\":\"fr-FR\"},{\"@type\":\"WebPage\",\"@id\":\"https:\\\/\\\/www.naos-international.com\\\/fr\\\/la-reconversion-des-militaires-un-atout-strategique-pour-le-secteur-prive\\\/\",\"url\":\"https:\\\/\\\/www.naos-international.com\\\/fr\\\/la-reconversion-des-militaires-un-atout-strategique-pour-le-secteur-prive\\\/\",\"name\":\"La reconversion des militaires : Un atout strat\u00e9gique pour le secteur priv\u00e9 | NAOS International\",\"isPartOf\":{\"@id\":\"https:\\\/\\\/www.naos-international.com\\\/fr\\\/#website\"},\"primaryImageOfPage\":{\"@id\":\"https:\\\/\\\/www.naos-international.com\\\/fr\\\/la-reconversion-des-militaires-un-atout-strategique-pour-le-secteur-prive\\\/#primaryimage\"},\"image\":{\"@id\":\"https:\\\/\\\/www.naos-international.com\\\/fr\\\/la-reconversion-des-militaires-un-atout-strategique-pour-le-secteur-prive\\\/#primaryimage\"},\"thumbnailUrl\":\"https:\\\/\\\/www.naos-international.com\\\/wp-content\\\/uploads\\\/2024\\\/12\\\/2022_SGA_defense_mobilite.png\",\"datePublished\":\"2024-12-02T13:53:30+00:00\",\"dateModified\":\"2024-12-02T16:45:00+00:00\",\"description\":\"Le sujet de la reconversion chez les militaires concerne en moyenne chaque ann\u00e9e environ 17 000 personnes, selon le minist\u00e8re des Arm\u00e9es.\",\"breadcrumb\":{\"@id\":\"https:\\\/\\\/www.naos-international.com\\\/fr\\\/la-reconversion-des-militaires-un-atout-strategique-pour-le-secteur-prive\\\/#breadcrumb\"},\"inLanguage\":\"fr-FR\",\"potentialAction\":[{\"@type\":\"ReadAction\",\"target\":[\"https:\\\/\\\/www.naos-international.com\\\/fr\\\/la-reconversion-des-militaires-un-atout-strategique-pour-le-secteur-prive\\\/\"]}]},{\"@type\":\"ImageObject\",\"inLanguage\":\"fr-FR\",\"@id\":\"https:\\\/\\\/www.naos-international.com\\\/fr\\\/la-reconversion-des-militaires-un-atout-strategique-pour-le-secteur-prive\\\/#primaryimage\",\"url\":\"https:\\\/\\\/www.naos-international.com\\\/wp-content\\\/uploads\\\/2024\\\/12\\\/2022_SGA_defense_mobilite.png\",\"contentUrl\":\"https:\\\/\\\/www.naos-international.com\\\/wp-content\\\/uploads\\\/2024\\\/12\\\/2022_SGA_defense_mobilite.png\",\"width\":792,\"height\":445},{\"@type\":\"BreadcrumbList\",\"@id\":\"https:\\\/\\\/www.naos-international.com\\\/fr\\\/la-reconversion-des-militaires-un-atout-strategique-pour-le-secteur-prive\\\/#breadcrumb\",\"itemListElement\":[{\"@type\":\"ListItem\",\"position\":1,\"name\":\"Home\",\"item\":\"https:\\\/\\\/www.naos-international.com\\\/fr\\\/\"},{\"@type\":\"ListItem\",\"position\":2,\"name\":\"La reconversion des militaires : Un atout strat\u00e9gique pour le secteur priv\u00e9\"}]},{\"@type\":\"WebSite\",\"@id\":\"https:\\\/\\\/www.naos-international.com\\\/fr\\\/#website\",\"url\":\"https:\\\/\\\/www.naos-international.com\\\/fr\\\/\",\"name\":\"NAOS International\",\"description\":\"Executive Search - Bridging Worlds, Building Careers\",\"publisher\":{\"@id\":\"https:\\\/\\\/www.naos-international.com\\\/fr\\\/#organization\"},\"potentialAction\":[{\"@type\":\"SearchAction\",\"target\":{\"@type\":\"EntryPoint\",\"urlTemplate\":\"https:\\\/\\\/www.naos-international.com\\\/fr\\\/?s={search_term_string}\"},\"query-input\":{\"@type\":\"PropertyValueSpecification\",\"valueRequired\":true,\"valueName\":\"search_term_string\"}}],\"inLanguage\":\"fr-FR\"},{\"@type\":\"Organization\",\"@id\":\"https:\\\/\\\/www.naos-international.com\\\/fr\\\/#organization\",\"name\":\"NAOS International\",\"url\":\"https:\\\/\\\/www.naos-international.com\\\/fr\\\/\",\"logo\":{\"@type\":\"ImageObject\",\"inLanguage\":\"fr-FR\",\"@id\":\"https:\\\/\\\/www.naos-international.com\\\/fr\\\/#\\\/schema\\\/logo\\\/image\\\/\",\"url\":\"https:\\\/\\\/www.naos-international.com\\\/wp-content\\\/uploads\\\/2024\\\/03\\\/cropped-naos-international-favicon.png\",\"contentUrl\":\"https:\\\/\\\/www.naos-international.com\\\/wp-content\\\/uploads\\\/2024\\\/03\\\/cropped-naos-international-favicon.png\",\"width\":512,\"height\":512,\"caption\":\"NAOS International\"},\"image\":{\"@id\":\"https:\\\/\\\/www.naos-international.com\\\/fr\\\/#\\\/schema\\\/logo\\\/image\\\/\"}},{\"@type\":\"Person\",\"@id\":\"https:\\\/\\\/www.naos-international.com\\\/fr\\\/#\\\/schema\\\/person\\\/d6eb617764421d16a6116bc492f3f461\",\"name\":\"Yannis\",\"image\":{\"@type\":\"ImageObject\",\"inLanguage\":\"fr-FR\",\"@id\":\"https:\\\/\\\/secure.gravatar.com\\\/avatar\\\/83ad40b3c460d3f9d9a90d8c46c5a9fae603509151695b1cb2710f1afc684eaa?s=96&d=mm&r=g\",\"url\":\"https:\\\/\\\/secure.gravatar.com\\\/avatar\\\/83ad40b3c460d3f9d9a90d8c46c5a9fae603509151695b1cb2710f1afc684eaa?s=96&d=mm&r=g\",\"contentUrl\":\"https:\\\/\\\/secure.gravatar.com\\\/avatar\\\/83ad40b3c460d3f9d9a90d8c46c5a9fae603509151695b1cb2710f1afc684eaa?s=96&d=mm&r=g\",\"caption\":\"Yannis\"}}]}<\/script>\n<!-- \/ Yoast SEO plugin. -->","yoast_head_json":{"title":"La reconversion des militaires : Un atout strat\u00e9gique pour le secteur priv\u00e9 | NAOS International","description":"Le sujet de la reconversion chez les militaires concerne en moyenne chaque ann\u00e9e environ 17 000 personnes, selon le minist\u00e8re des Arm\u00e9es.","robots":{"index":"index","follow":"follow","max-snippet":"max-snippet:-1","max-image-preview":"max-image-preview:large","max-video-preview":"max-video-preview:-1"},"canonical":"https:\/\/www.naos-international.com\/fr\/la-reconversion-des-militaires-un-atout-strategique-pour-le-secteur-prive\/","og_locale":"fr_FR","og_type":"article","og_title":"La reconversion des militaires : Un atout strat\u00e9gique pour le secteur priv\u00e9","og_description":"Le sujet de la reconversion chez les militaires concerne en moyenne chaque ann\u00e9e environ 17 000 personnes, selon le minist\u00e8re des Arm\u00e9es.","og_url":"https:\/\/www.naos-international.com\/fr\/la-reconversion-des-militaires-un-atout-strategique-pour-le-secteur-prive\/","og_site_name":"NAOS International","article_published_time":"2024-12-02T13:53:30+00:00","article_modified_time":"2024-12-02T16:45:00+00:00","og_image":[{"url":"https:\/\/www.naos-international.com\/wp-content\/uploads\/2024\/12\/2022_SGA_defense_mobilite-768x432.png","type":"","width":"","height":""}],"author":"Yannis","twitter_card":"summary_large_image","twitter_misc":{"\u00c9crit par":"Yannis","Dur\u00e9e de lecture estim\u00e9e":"4 minutes"},"schema":{"@context":"https:\/\/schema.org","@graph":[{"@type":"Article","@id":"https:\/\/www.naos-international.com\/fr\/la-reconversion-des-militaires-un-atout-strategique-pour-le-secteur-prive\/#article","isPartOf":{"@id":"https:\/\/www.naos-international.com\/fr\/la-reconversion-des-militaires-un-atout-strategique-pour-le-secteur-prive\/"},"author":{"name":"Yannis","@id":"https:\/\/www.naos-international.com\/fr\/#\/schema\/person\/d6eb617764421d16a6116bc492f3f461"},"headline":"La reconversion des militaires : Un atout strat\u00e9gique pour le secteur priv\u00e9","datePublished":"2024-12-02T13:53:30+00:00","dateModified":"2024-12-02T16:45:00+00:00","mainEntityOfPage":{"@id":"https:\/\/www.naos-international.com\/fr\/la-reconversion-des-militaires-un-atout-strategique-pour-le-secteur-prive\/"},"wordCount":882,"publisher":{"@id":"https:\/\/www.naos-international.com\/fr\/#organization"},"image":{"@id":"https:\/\/www.naos-international.com\/fr\/la-reconversion-des-militaires-un-atout-strategique-pour-le-secteur-prive\/#primaryimage"},"thumbnailUrl":"https:\/\/www.naos-international.com\/wp-content\/uploads\/2024\/12\/2022_SGA_defense_mobilite.png","articleSection":["News"],"inLanguage":"fr-FR"},{"@type":"WebPage","@id":"https:\/\/www.naos-international.com\/fr\/la-reconversion-des-militaires-un-atout-strategique-pour-le-secteur-prive\/","url":"https:\/\/www.naos-international.com\/fr\/la-reconversion-des-militaires-un-atout-strategique-pour-le-secteur-prive\/","name":"La reconversion des militaires : Un atout strat\u00e9gique pour le secteur priv\u00e9 | NAOS International","isPartOf":{"@id":"https:\/\/www.naos-international.com\/fr\/#website"},"primaryImageOfPage":{"@id":"https:\/\/www.naos-international.com\/fr\/la-reconversion-des-militaires-un-atout-strategique-pour-le-secteur-prive\/#primaryimage"},"image":{"@id":"https:\/\/www.naos-international.com\/fr\/la-reconversion-des-militaires-un-atout-strategique-pour-le-secteur-prive\/#primaryimage"},"thumbnailUrl":"https:\/\/www.naos-international.com\/wp-content\/uploads\/2024\/12\/2022_SGA_defense_mobilite.png","datePublished":"2024-12-02T13:53:30+00:00","dateModified":"2024-12-02T16:45:00+00:00","description":"Le sujet de la reconversion chez les militaires concerne en moyenne chaque ann\u00e9e environ 17 000 personnes, selon le minist\u00e8re des Arm\u00e9es.","breadcrumb":{"@id":"https:\/\/www.naos-international.com\/fr\/la-reconversion-des-militaires-un-atout-strategique-pour-le-secteur-prive\/#breadcrumb"},"inLanguage":"fr-FR","potentialAction":[{"@type":"ReadAction","target":["https:\/\/www.naos-international.com\/fr\/la-reconversion-des-militaires-un-atout-strategique-pour-le-secteur-prive\/"]}]},{"@type":"ImageObject","inLanguage":"fr-FR","@id":"https:\/\/www.naos-international.com\/fr\/la-reconversion-des-militaires-un-atout-strategique-pour-le-secteur-prive\/#primaryimage","url":"https:\/\/www.naos-international.com\/wp-content\/uploads\/2024\/12\/2022_SGA_defense_mobilite.png","contentUrl":"https:\/\/www.naos-international.com\/wp-content\/uploads\/2024\/12\/2022_SGA_defense_mobilite.png","width":792,"height":445},{"@type":"BreadcrumbList","@id":"https:\/\/www.naos-international.com\/fr\/la-reconversion-des-militaires-un-atout-strategique-pour-le-secteur-prive\/#breadcrumb","itemListElement":[{"@type":"ListItem","position":1,"name":"Home","item":"https:\/\/www.naos-international.com\/fr\/"},{"@type":"ListItem","position":2,"name":"La reconversion des militaires : Un atout strat\u00e9gique pour le secteur priv\u00e9"}]},{"@type":"WebSite","@id":"https:\/\/www.naos-international.com\/fr\/#website","url":"https:\/\/www.naos-international.com\/fr\/","name":"NAOS International","description":"Executive Search - Bridging Worlds, Building Careers","publisher":{"@id":"https:\/\/www.naos-international.com\/fr\/#organization"},"potentialAction":[{"@type":"SearchAction","target":{"@type":"EntryPoint","urlTemplate":"https:\/\/www.naos-international.com\/fr\/?s={search_term_string}"},"query-input":{"@type":"PropertyValueSpecification","valueRequired":true,"valueName":"search_term_string"}}],"inLanguage":"fr-FR"},{"@type":"Organization","@id":"https:\/\/www.naos-international.com\/fr\/#organization","name":"NAOS International","url":"https:\/\/www.naos-international.com\/fr\/","logo":{"@type":"ImageObject","inLanguage":"fr-FR","@id":"https:\/\/www.naos-international.com\/fr\/#\/schema\/logo\/image\/","url":"https:\/\/www.naos-international.com\/wp-content\/uploads\/2024\/03\/cropped-naos-international-favicon.png","contentUrl":"https:\/\/www.naos-international.com\/wp-content\/uploads\/2024\/03\/cropped-naos-international-favicon.png","width":512,"height":512,"caption":"NAOS International"},"image":{"@id":"https:\/\/www.naos-international.com\/fr\/#\/schema\/logo\/image\/"}},{"@type":"Person","@id":"https:\/\/www.naos-international.com\/fr\/#\/schema\/person\/d6eb617764421d16a6116bc492f3f461","name":"Yannis","image":{"@type":"ImageObject","inLanguage":"fr-FR","@id":"https:\/\/secure.gravatar.com\/avatar\/83ad40b3c460d3f9d9a90d8c46c5a9fae603509151695b1cb2710f1afc684eaa?s=96&d=mm&r=g","url":"https:\/\/secure.gravatar.com\/avatar\/83ad40b3c460d3f9d9a90d8c46c5a9fae603509151695b1cb2710f1afc684eaa?s=96&d=mm&r=g","contentUrl":"https:\/\/secure.gravatar.com\/avatar\/83ad40b3c460d3f9d9a90d8c46c5a9fae603509151695b1cb2710f1afc684eaa?s=96&d=mm&r=g","caption":"Yannis"}}]}},"_links":{"self":[{"href":"https:\/\/www.naos-international.com\/fr\/wp-json\/wp\/v2\/posts\/5320","targetHints":{"allow":["GET"]}}],"collection":[{"href":"https:\/\/www.naos-international.com\/fr\/wp-json\/wp\/v2\/posts"}],"about":[{"href":"https:\/\/www.naos-international.com\/fr\/wp-json\/wp\/v2\/types\/post"}],"author":[{"embeddable":true,"href":"https:\/\/www.naos-international.com\/fr\/wp-json\/wp\/v2\/users\/4"}],"replies":[{"embeddable":true,"href":"https:\/\/www.naos-international.com\/fr\/wp-json\/wp\/v2\/comments?post=5320"}],"version-history":[{"count":0,"href":"https:\/\/www.naos-international.com\/fr\/wp-json\/wp\/v2\/posts\/5320\/revisions"}],"wp:featuredmedia":[{"embeddable":true,"href":"https:\/\/www.naos-international.com\/fr\/wp-json\/wp\/v2\/media\/5319"}],"wp:attachment":[{"href":"https:\/\/www.naos-international.com\/fr\/wp-json\/wp\/v2\/media?parent=5320"}],"wp:term":[{"taxonomy":"category","embeddable":true,"href":"https:\/\/www.naos-international.com\/fr\/wp-json\/wp\/v2\/categories?post=5320"},{"taxonomy":"post_tag","embeddable":true,"href":"https:\/\/www.naos-international.com\/fr\/wp-json\/wp\/v2\/tags?post=5320"}],"curies":[{"name":"wp","href":"https:\/\/api.w.org\/{rel}","templated":true}]}}