{"id":5404,"date":"2025-01-16T12:03:47","date_gmt":"2025-01-16T11:03:47","guid":{"rendered":"https:\/\/www.naos-international.com\/eclairage-sur-les-problematiques-de-carve-out-carve-in-par-daniel-conte-macedo\/"},"modified":"2025-01-16T17:40:26","modified_gmt":"2025-01-16T16:40:26","slug":"eclairage-sur-les-problematiques-de-carve-out-carve-in-par-daniel-conte-macedo","status":"publish","type":"post","link":"https:\/\/www.naos-international.com\/fr\/eclairage-sur-les-problematiques-de-carve-out-carve-in-par-daniel-conte-macedo\/","title":{"rendered":"\u00c9clairage sur les probl\u00e9matiques de carve-out\/carve-in par Daniel Conte Macedo."},"content":{"rendered":"\t\t<div data-elementor-type=\"wp-post\" data-elementor-id=\"5404\" class=\"elementor elementor-5404 elementor-5394\" data-elementor-post-type=\"post\">\n\t\t\t\t<div class=\"elementor-element elementor-element-8c4270b e-flex e-con-boxed e-con e-parent\" data-id=\"8c4270b\" data-element_type=\"container\" data-e-type=\"container\">\n\t\t\t\t\t<div class=\"e-con-inner\">\n\t\t\t\t<div class=\"elementor-element elementor-element-2d646e1 elementor-widget elementor-widget-text-editor\" data-id=\"2d646e1\" data-element_type=\"widget\" data-e-type=\"widget\" data-widget_type=\"text-editor.default\">\n\t\t\t\t<div class=\"elementor-widget-container\">\n\t\t\t\t\t\t\t\t\t<p>Chez NAOS International, on commence fort l\u2019ann\u00e9e 2025 par une nouvelle Matinale dans nos locaux d\u2019Od\u00e9on.<br \/>Ce jeudi 16 janvier, nous avons eu l\u2019honneur d\u2019accueillir <a href=\"https:\/\/www.linkedin.com\/in\/daniel-conte-macedo-8b96972b1\/\" target=\"_blank\" rel=\"noopener\">Daniel Conte Macedo <\/a>sur les probl\u00e9matiques de carve-out\/carve-in et leurs impacts sur les syst\u00e8mes d&rsquo;information.<\/p>\n<p>Avec plus de 25 ans d\u2019exp\u00e9rience r\u00e9ussie dans la gestion des syst\u00e8mes d\u2019information, Daniel Conte Macedo est un expert reconnu dans le domaine des technologies de l\u2019information et de la transformation digitale. Anciennement Directeur des Applications du Groupe chez Linxens pendant plus de 12 ans, il a jou\u00e9 un r\u00f4le cl\u00e9 dans la croissance significative de l\u2019entreprise et son expansion internationale. Durant son mandat, il a dirig\u00e9 une \u00e9quipe internationale de 30 professionnels r\u00e9partis en France, en Inde, en Tha\u00eflande et en Chine, et a supervis\u00e9 des projets strat\u00e9giques tels que la migration mondiale ERP vers QAD, la mise en \u0153uvre de solutions S&amp;OP et PLM, ainsi que l\u2019int\u00e9gration harmonis\u00e9e de six entit\u00e9s.  <\/p>\n<p>L\u2019intervention effectu\u00e9e de mani\u00e8re p\u00e9dagogique et illustr\u00e9e s\u2019est av\u00e9r\u00e9e tr\u00e8s enrichissante pour nos participants. La th\u00e9matique, centrale dans le cadre d\u2019int\u00e9gration\/rachat d\u2019entit\u00e9s, fut l\u2019objet de multiples questions et d\u00e9bats concernant l\u2019articulation d\u2019un projet de carve-out \/ carve-in. <\/p>\n<p>La multitude de risques rencontr\u00e9s en amont, les best practices lors d\u2019un carve-out ainsi que l\u2019illustration d\u2019un cas pratique ont \u00e9t\u00e9 autant d\u2019\u00e9l\u00e9ments expos\u00e9s aujourd\u2019hui.<\/p>\n<p>Nous tenons \u00e0 remercier C\u00e9dric Kalbfuss, David Bomsel et Jean-Christophe Roehrig pour leur engagement aujourd\u2019hui.<br \/>Un grand merci \u00e9galement \u00e0 Daniel Conte Macedo pour ses pr\u00e9cieux conseils et son expertise sur le sujet du jour.<\/p>\n<p>Prochaine session du matin ? D\u00e9but f\u00e9vrier ! Restez \u00e0 l&rsquo;\u00e9coute pour plus de d\u00e9tails \ud83d\ude42  <\/p>\n\t\t\t\t\t\t\t\t<\/div>\n\t\t\t\t<\/div>\n\t\t\t\t\t<\/div>\n\t\t\t\t<\/div>\n\t\t\t\t<\/div>\n\t\t","protected":false},"excerpt":{"rendered":"<p>Chez NAOS International, on commence fort l\u2019ann\u00e9e 2025 par une nouvelle Matinale dans nos locaux d\u2019Od\u00e9on.Ce jeudi 16 janvier, nous avons eu l\u2019honneur d\u2019accueillir Daniel Conte Macedo sur les probl\u00e9matiques de carve-out\/carve-in et leurs impacts sur les syst\u00e8mes d&rsquo;information. Avec plus de 25 ans d\u2019exp\u00e9rience r\u00e9ussie dans la gestion des syst\u00e8mes d\u2019information, Daniel Conte Macedo [&hellip;]<\/p>\n","protected":false},"author":4,"featured_media":5396,"comment_status":"closed","ping_status":"closed","sticky":false,"template":"","format":"standard","meta":{"content-type":"","footnotes":""},"categories":[30],"tags":[],"class_list":["post-5404","post","type-post","status-publish","format-standard","has-post-thumbnail","hentry","category-news-fr"],"blocksy_meta":[],"yoast_head":"<!-- This site is optimized with the Yoast SEO plugin v27.5 - https:\/\/yoast.com\/product\/yoast-seo-wordpress\/ -->\n<title>\u00c9clairage sur les probl\u00e9matiques de carve-out\/carve-in par Daniel Conte Macedo. | NAOS International<\/title>\n<meta name=\"description\" content=\"Ce jeudi 16 janvier, nous avons eu l&#039;honneur d&#039;accueillir Daniel Conte Macedo pour discuter des d\u00e9fis pos\u00e9s par les process de Carve-out \/ Carve-in\" \/>\n<meta name=\"robots\" content=\"index, follow, max-snippet:-1, max-image-preview:large, max-video-preview:-1\" \/>\n<link rel=\"canonical\" href=\"https:\/\/www.naos-international.com\/fr\/eclairage-sur-les-problematiques-de-carve-out-carve-in-par-daniel-conte-macedo\/\" \/>\n<meta property=\"og:locale\" content=\"fr_FR\" \/>\n<meta property=\"og:type\" content=\"article\" \/>\n<meta property=\"og:title\" content=\"\u00c9clairage sur les probl\u00e9matiques de carve-out\/carve-in par Daniel Conte Macedo. | NAOS International\" \/>\n<meta property=\"og:description\" content=\"Ce jeudi 16 janvier, nous avons eu l&#039;honneur d&#039;accueillir Daniel Conte Macedo pour discuter des d\u00e9fis pos\u00e9s par les process de Carve-out \/ Carve-in\" \/>\n<meta property=\"og:url\" content=\"https:\/\/www.naos-international.com\/fr\/eclairage-sur-les-problematiques-de-carve-out-carve-in-par-daniel-conte-macedo\/\" \/>\n<meta property=\"og:site_name\" content=\"NAOS International\" \/>\n<meta property=\"article:published_time\" content=\"2025-01-16T11:03:47+00:00\" \/>\n<meta property=\"article:modified_time\" content=\"2025-01-16T16:40:26+00:00\" \/>\n<meta name=\"author\" content=\"Yannis\" \/>\n<meta name=\"twitter:card\" content=\"summary_large_image\" \/>\n<meta name=\"twitter:label1\" content=\"\u00c9crit par\" \/>\n\t<meta name=\"twitter:data1\" content=\"Yannis\" \/>\n\t<meta name=\"twitter:label2\" content=\"Dur\u00e9e de lecture estim\u00e9e\" \/>\n\t<meta name=\"twitter:data2\" content=\"2 minutes\" \/>\n<script type=\"application\/ld+json\" class=\"yoast-schema-graph\">{\"@context\":\"https:\\\/\\\/schema.org\",\"@graph\":[{\"@type\":\"Article\",\"@id\":\"https:\\\/\\\/www.naos-international.com\\\/fr\\\/eclairage-sur-les-problematiques-de-carve-out-carve-in-par-daniel-conte-macedo\\\/#article\",\"isPartOf\":{\"@id\":\"https:\\\/\\\/www.naos-international.com\\\/fr\\\/eclairage-sur-les-problematiques-de-carve-out-carve-in-par-daniel-conte-macedo\\\/\"},\"author\":{\"name\":\"Yannis\",\"@id\":\"https:\\\/\\\/www.naos-international.com\\\/fr\\\/#\\\/schema\\\/person\\\/d6eb617764421d16a6116bc492f3f461\"},\"headline\":\"\u00c9clairage sur les probl\u00e9matiques de carve-out\\\/carve-in par Daniel Conte Macedo.\",\"datePublished\":\"2025-01-16T11:03:47+00:00\",\"dateModified\":\"2025-01-16T16:40:26+00:00\",\"mainEntityOfPage\":{\"@id\":\"https:\\\/\\\/www.naos-international.com\\\/fr\\\/eclairage-sur-les-problematiques-de-carve-out-carve-in-par-daniel-conte-macedo\\\/\"},\"wordCount\":327,\"publisher\":{\"@id\":\"https:\\\/\\\/www.naos-international.com\\\/fr\\\/#organization\"},\"image\":{\"@id\":\"https:\\\/\\\/www.naos-international.com\\\/fr\\\/eclairage-sur-les-problematiques-de-carve-out-carve-in-par-daniel-conte-macedo\\\/#primaryimage\"},\"thumbnailUrl\":\"https:\\\/\\\/www.naos-international.com\\\/wp-content\\\/uploads\\\/2025\\\/01\\\/IMG_0983-scaled.jpg\",\"articleSection\":[\"News\"],\"inLanguage\":\"fr-FR\"},{\"@type\":\"WebPage\",\"@id\":\"https:\\\/\\\/www.naos-international.com\\\/fr\\\/eclairage-sur-les-problematiques-de-carve-out-carve-in-par-daniel-conte-macedo\\\/\",\"url\":\"https:\\\/\\\/www.naos-international.com\\\/fr\\\/eclairage-sur-les-problematiques-de-carve-out-carve-in-par-daniel-conte-macedo\\\/\",\"name\":\"\u00c9clairage sur les probl\u00e9matiques de carve-out\\\/carve-in par Daniel Conte Macedo. | NAOS International\",\"isPartOf\":{\"@id\":\"https:\\\/\\\/www.naos-international.com\\\/fr\\\/#website\"},\"primaryImageOfPage\":{\"@id\":\"https:\\\/\\\/www.naos-international.com\\\/fr\\\/eclairage-sur-les-problematiques-de-carve-out-carve-in-par-daniel-conte-macedo\\\/#primaryimage\"},\"image\":{\"@id\":\"https:\\\/\\\/www.naos-international.com\\\/fr\\\/eclairage-sur-les-problematiques-de-carve-out-carve-in-par-daniel-conte-macedo\\\/#primaryimage\"},\"thumbnailUrl\":\"https:\\\/\\\/www.naos-international.com\\\/wp-content\\\/uploads\\\/2025\\\/01\\\/IMG_0983-scaled.jpg\",\"datePublished\":\"2025-01-16T11:03:47+00:00\",\"dateModified\":\"2025-01-16T16:40:26+00:00\",\"description\":\"Ce jeudi 16 janvier, nous avons eu l'honneur d'accueillir Daniel Conte Macedo pour discuter des d\u00e9fis pos\u00e9s par les process de Carve-out \\\/ Carve-in\",\"breadcrumb\":{\"@id\":\"https:\\\/\\\/www.naos-international.com\\\/fr\\\/eclairage-sur-les-problematiques-de-carve-out-carve-in-par-daniel-conte-macedo\\\/#breadcrumb\"},\"inLanguage\":\"fr-FR\",\"potentialAction\":[{\"@type\":\"ReadAction\",\"target\":[\"https:\\\/\\\/www.naos-international.com\\\/fr\\\/eclairage-sur-les-problematiques-de-carve-out-carve-in-par-daniel-conte-macedo\\\/\"]}]},{\"@type\":\"ImageObject\",\"inLanguage\":\"fr-FR\",\"@id\":\"https:\\\/\\\/www.naos-international.com\\\/fr\\\/eclairage-sur-les-problematiques-de-carve-out-carve-in-par-daniel-conte-macedo\\\/#primaryimage\",\"url\":\"https:\\\/\\\/www.naos-international.com\\\/wp-content\\\/uploads\\\/2025\\\/01\\\/IMG_0983-scaled.jpg\",\"contentUrl\":\"https:\\\/\\\/www.naos-international.com\\\/wp-content\\\/uploads\\\/2025\\\/01\\\/IMG_0983-scaled.jpg\",\"width\":2560,\"height\":1920},{\"@type\":\"BreadcrumbList\",\"@id\":\"https:\\\/\\\/www.naos-international.com\\\/fr\\\/eclairage-sur-les-problematiques-de-carve-out-carve-in-par-daniel-conte-macedo\\\/#breadcrumb\",\"itemListElement\":[{\"@type\":\"ListItem\",\"position\":1,\"name\":\"Home\",\"item\":\"https:\\\/\\\/www.naos-international.com\\\/fr\\\/\"},{\"@type\":\"ListItem\",\"position\":2,\"name\":\"\u00c9clairage sur les probl\u00e9matiques de carve-out\\\/carve-in par Daniel Conte Macedo.\"}]},{\"@type\":\"WebSite\",\"@id\":\"https:\\\/\\\/www.naos-international.com\\\/fr\\\/#website\",\"url\":\"https:\\\/\\\/www.naos-international.com\\\/fr\\\/\",\"name\":\"NAOS International\",\"description\":\"Executive Search - Bridging Worlds, Building Careers\",\"publisher\":{\"@id\":\"https:\\\/\\\/www.naos-international.com\\\/fr\\\/#organization\"},\"potentialAction\":[{\"@type\":\"SearchAction\",\"target\":{\"@type\":\"EntryPoint\",\"urlTemplate\":\"https:\\\/\\\/www.naos-international.com\\\/fr\\\/?s={search_term_string}\"},\"query-input\":{\"@type\":\"PropertyValueSpecification\",\"valueRequired\":true,\"valueName\":\"search_term_string\"}}],\"inLanguage\":\"fr-FR\"},{\"@type\":\"Organization\",\"@id\":\"https:\\\/\\\/www.naos-international.com\\\/fr\\\/#organization\",\"name\":\"NAOS International\",\"url\":\"https:\\\/\\\/www.naos-international.com\\\/fr\\\/\",\"logo\":{\"@type\":\"ImageObject\",\"inLanguage\":\"fr-FR\",\"@id\":\"https:\\\/\\\/www.naos-international.com\\\/fr\\\/#\\\/schema\\\/logo\\\/image\\\/\",\"url\":\"https:\\\/\\\/www.naos-international.com\\\/wp-content\\\/uploads\\\/2024\\\/03\\\/cropped-naos-international-favicon.png\",\"contentUrl\":\"https:\\\/\\\/www.naos-international.com\\\/wp-content\\\/uploads\\\/2024\\\/03\\\/cropped-naos-international-favicon.png\",\"width\":512,\"height\":512,\"caption\":\"NAOS International\"},\"image\":{\"@id\":\"https:\\\/\\\/www.naos-international.com\\\/fr\\\/#\\\/schema\\\/logo\\\/image\\\/\"}},{\"@type\":\"Person\",\"@id\":\"https:\\\/\\\/www.naos-international.com\\\/fr\\\/#\\\/schema\\\/person\\\/d6eb617764421d16a6116bc492f3f461\",\"name\":\"Yannis\",\"image\":{\"@type\":\"ImageObject\",\"inLanguage\":\"fr-FR\",\"@id\":\"https:\\\/\\\/secure.gravatar.com\\\/avatar\\\/83ad40b3c460d3f9d9a90d8c46c5a9fae603509151695b1cb2710f1afc684eaa?s=96&d=mm&r=g\",\"url\":\"https:\\\/\\\/secure.gravatar.com\\\/avatar\\\/83ad40b3c460d3f9d9a90d8c46c5a9fae603509151695b1cb2710f1afc684eaa?s=96&d=mm&r=g\",\"contentUrl\":\"https:\\\/\\\/secure.gravatar.com\\\/avatar\\\/83ad40b3c460d3f9d9a90d8c46c5a9fae603509151695b1cb2710f1afc684eaa?s=96&d=mm&r=g\",\"caption\":\"Yannis\"}}]}<\/script>\n<!-- \/ Yoast SEO plugin. -->","yoast_head_json":{"title":"\u00c9clairage sur les probl\u00e9matiques de carve-out\/carve-in par Daniel Conte Macedo. | NAOS International","description":"Ce jeudi 16 janvier, nous avons eu l'honneur d'accueillir Daniel Conte Macedo pour discuter des d\u00e9fis pos\u00e9s par les process de Carve-out \/ Carve-in","robots":{"index":"index","follow":"follow","max-snippet":"max-snippet:-1","max-image-preview":"max-image-preview:large","max-video-preview":"max-video-preview:-1"},"canonical":"https:\/\/www.naos-international.com\/fr\/eclairage-sur-les-problematiques-de-carve-out-carve-in-par-daniel-conte-macedo\/","og_locale":"fr_FR","og_type":"article","og_title":"\u00c9clairage sur les probl\u00e9matiques de carve-out\/carve-in par Daniel Conte Macedo. | NAOS International","og_description":"Ce jeudi 16 janvier, nous avons eu l'honneur d'accueillir Daniel Conte Macedo pour discuter des d\u00e9fis pos\u00e9s par les process de Carve-out \/ Carve-in","og_url":"https:\/\/www.naos-international.com\/fr\/eclairage-sur-les-problematiques-de-carve-out-carve-in-par-daniel-conte-macedo\/","og_site_name":"NAOS International","article_published_time":"2025-01-16T11:03:47+00:00","article_modified_time":"2025-01-16T16:40:26+00:00","author":"Yannis","twitter_card":"summary_large_image","twitter_misc":{"\u00c9crit par":"Yannis","Dur\u00e9e de lecture estim\u00e9e":"2 minutes"},"schema":{"@context":"https:\/\/schema.org","@graph":[{"@type":"Article","@id":"https:\/\/www.naos-international.com\/fr\/eclairage-sur-les-problematiques-de-carve-out-carve-in-par-daniel-conte-macedo\/#article","isPartOf":{"@id":"https:\/\/www.naos-international.com\/fr\/eclairage-sur-les-problematiques-de-carve-out-carve-in-par-daniel-conte-macedo\/"},"author":{"name":"Yannis","@id":"https:\/\/www.naos-international.com\/fr\/#\/schema\/person\/d6eb617764421d16a6116bc492f3f461"},"headline":"\u00c9clairage sur les probl\u00e9matiques de carve-out\/carve-in par Daniel Conte Macedo.","datePublished":"2025-01-16T11:03:47+00:00","dateModified":"2025-01-16T16:40:26+00:00","mainEntityOfPage":{"@id":"https:\/\/www.naos-international.com\/fr\/eclairage-sur-les-problematiques-de-carve-out-carve-in-par-daniel-conte-macedo\/"},"wordCount":327,"publisher":{"@id":"https:\/\/www.naos-international.com\/fr\/#organization"},"image":{"@id":"https:\/\/www.naos-international.com\/fr\/eclairage-sur-les-problematiques-de-carve-out-carve-in-par-daniel-conte-macedo\/#primaryimage"},"thumbnailUrl":"https:\/\/www.naos-international.com\/wp-content\/uploads\/2025\/01\/IMG_0983-scaled.jpg","articleSection":["News"],"inLanguage":"fr-FR"},{"@type":"WebPage","@id":"https:\/\/www.naos-international.com\/fr\/eclairage-sur-les-problematiques-de-carve-out-carve-in-par-daniel-conte-macedo\/","url":"https:\/\/www.naos-international.com\/fr\/eclairage-sur-les-problematiques-de-carve-out-carve-in-par-daniel-conte-macedo\/","name":"\u00c9clairage sur les probl\u00e9matiques de carve-out\/carve-in par Daniel Conte Macedo. | NAOS International","isPartOf":{"@id":"https:\/\/www.naos-international.com\/fr\/#website"},"primaryImageOfPage":{"@id":"https:\/\/www.naos-international.com\/fr\/eclairage-sur-les-problematiques-de-carve-out-carve-in-par-daniel-conte-macedo\/#primaryimage"},"image":{"@id":"https:\/\/www.naos-international.com\/fr\/eclairage-sur-les-problematiques-de-carve-out-carve-in-par-daniel-conte-macedo\/#primaryimage"},"thumbnailUrl":"https:\/\/www.naos-international.com\/wp-content\/uploads\/2025\/01\/IMG_0983-scaled.jpg","datePublished":"2025-01-16T11:03:47+00:00","dateModified":"2025-01-16T16:40:26+00:00","description":"Ce jeudi 16 janvier, nous avons eu l'honneur d'accueillir Daniel Conte Macedo pour discuter des d\u00e9fis pos\u00e9s par les process de Carve-out \/ Carve-in","breadcrumb":{"@id":"https:\/\/www.naos-international.com\/fr\/eclairage-sur-les-problematiques-de-carve-out-carve-in-par-daniel-conte-macedo\/#breadcrumb"},"inLanguage":"fr-FR","potentialAction":[{"@type":"ReadAction","target":["https:\/\/www.naos-international.com\/fr\/eclairage-sur-les-problematiques-de-carve-out-carve-in-par-daniel-conte-macedo\/"]}]},{"@type":"ImageObject","inLanguage":"fr-FR","@id":"https:\/\/www.naos-international.com\/fr\/eclairage-sur-les-problematiques-de-carve-out-carve-in-par-daniel-conte-macedo\/#primaryimage","url":"https:\/\/www.naos-international.com\/wp-content\/uploads\/2025\/01\/IMG_0983-scaled.jpg","contentUrl":"https:\/\/www.naos-international.com\/wp-content\/uploads\/2025\/01\/IMG_0983-scaled.jpg","width":2560,"height":1920},{"@type":"BreadcrumbList","@id":"https:\/\/www.naos-international.com\/fr\/eclairage-sur-les-problematiques-de-carve-out-carve-in-par-daniel-conte-macedo\/#breadcrumb","itemListElement":[{"@type":"ListItem","position":1,"name":"Home","item":"https:\/\/www.naos-international.com\/fr\/"},{"@type":"ListItem","position":2,"name":"\u00c9clairage sur les probl\u00e9matiques de carve-out\/carve-in par Daniel Conte Macedo."}]},{"@type":"WebSite","@id":"https:\/\/www.naos-international.com\/fr\/#website","url":"https:\/\/www.naos-international.com\/fr\/","name":"NAOS International","description":"Executive Search - Bridging Worlds, Building Careers","publisher":{"@id":"https:\/\/www.naos-international.com\/fr\/#organization"},"potentialAction":[{"@type":"SearchAction","target":{"@type":"EntryPoint","urlTemplate":"https:\/\/www.naos-international.com\/fr\/?s={search_term_string}"},"query-input":{"@type":"PropertyValueSpecification","valueRequired":true,"valueName":"search_term_string"}}],"inLanguage":"fr-FR"},{"@type":"Organization","@id":"https:\/\/www.naos-international.com\/fr\/#organization","name":"NAOS International","url":"https:\/\/www.naos-international.com\/fr\/","logo":{"@type":"ImageObject","inLanguage":"fr-FR","@id":"https:\/\/www.naos-international.com\/fr\/#\/schema\/logo\/image\/","url":"https:\/\/www.naos-international.com\/wp-content\/uploads\/2024\/03\/cropped-naos-international-favicon.png","contentUrl":"https:\/\/www.naos-international.com\/wp-content\/uploads\/2024\/03\/cropped-naos-international-favicon.png","width":512,"height":512,"caption":"NAOS International"},"image":{"@id":"https:\/\/www.naos-international.com\/fr\/#\/schema\/logo\/image\/"}},{"@type":"Person","@id":"https:\/\/www.naos-international.com\/fr\/#\/schema\/person\/d6eb617764421d16a6116bc492f3f461","name":"Yannis","image":{"@type":"ImageObject","inLanguage":"fr-FR","@id":"https:\/\/secure.gravatar.com\/avatar\/83ad40b3c460d3f9d9a90d8c46c5a9fae603509151695b1cb2710f1afc684eaa?s=96&d=mm&r=g","url":"https:\/\/secure.gravatar.com\/avatar\/83ad40b3c460d3f9d9a90d8c46c5a9fae603509151695b1cb2710f1afc684eaa?s=96&d=mm&r=g","contentUrl":"https:\/\/secure.gravatar.com\/avatar\/83ad40b3c460d3f9d9a90d8c46c5a9fae603509151695b1cb2710f1afc684eaa?s=96&d=mm&r=g","caption":"Yannis"}}]}},"_links":{"self":[{"href":"https:\/\/www.naos-international.com\/fr\/wp-json\/wp\/v2\/posts\/5404","targetHints":{"allow":["GET"]}}],"collection":[{"href":"https:\/\/www.naos-international.com\/fr\/wp-json\/wp\/v2\/posts"}],"about":[{"href":"https:\/\/www.naos-international.com\/fr\/wp-json\/wp\/v2\/types\/post"}],"author":[{"embeddable":true,"href":"https:\/\/www.naos-international.com\/fr\/wp-json\/wp\/v2\/users\/4"}],"replies":[{"embeddable":true,"href":"https:\/\/www.naos-international.com\/fr\/wp-json\/wp\/v2\/comments?post=5404"}],"version-history":[{"count":1,"href":"https:\/\/www.naos-international.com\/fr\/wp-json\/wp\/v2\/posts\/5404\/revisions"}],"predecessor-version":[{"id":5405,"href":"https:\/\/www.naos-international.com\/fr\/wp-json\/wp\/v2\/posts\/5404\/revisions\/5405"}],"wp:featuredmedia":[{"embeddable":true,"href":"https:\/\/www.naos-international.com\/fr\/wp-json\/wp\/v2\/media\/5396"}],"wp:attachment":[{"href":"https:\/\/www.naos-international.com\/fr\/wp-json\/wp\/v2\/media?parent=5404"}],"wp:term":[{"taxonomy":"category","embeddable":true,"href":"https:\/\/www.naos-international.com\/fr\/wp-json\/wp\/v2\/categories?post=5404"},{"taxonomy":"post_tag","embeddable":true,"href":"https:\/\/www.naos-international.com\/fr\/wp-json\/wp\/v2\/tags?post=5404"}],"curies":[{"name":"wp","href":"https:\/\/api.w.org\/{rel}","templated":true}]}}