{"id":6014,"date":"2025-07-28T16:20:06","date_gmt":"2025-07-28T14:20:06","guid":{"rendered":"https:\/\/www.naos-international.com\/cartographier-le-capital-humain-avant-lacquisition-la-due-diligence-talent-qui-securise-la-creation-de-valeur\/"},"modified":"2025-07-28T16:47:32","modified_gmt":"2025-07-28T14:47:32","slug":"cartographier-le-capital-humain-avant-lacquisition-la-due-diligence-talent-qui-securise-la-creation-de-valeur","status":"publish","type":"post","link":"https:\/\/www.naos-international.com\/fr\/cartographier-le-capital-humain-avant-lacquisition-la-due-diligence-talent-qui-securise-la-creation-de-valeur\/","title":{"rendered":"Cartographier le capital humain avant l\u2019acquisition : la due-diligence \u00ab talent \u00bb qui s\u00e9curise la cr\u00e9ation de valeur"},"content":{"rendered":"\t\t<div data-elementor-type=\"wp-post\" data-elementor-id=\"6014\" class=\"elementor elementor-6014 elementor-6007\" data-elementor-post-type=\"post\">\n\t\t\t\t<div class=\"elementor-element elementor-element-497f69d e-flex e-con-boxed e-con e-parent\" data-id=\"497f69d\" data-element_type=\"container\" data-e-type=\"container\">\n\t\t\t\t\t<div class=\"e-con-inner\">\n\t\t\t\t<div class=\"elementor-element elementor-element-07654a8 elementor-widget elementor-widget-text-editor\" data-id=\"07654a8\" data-element_type=\"widget\" data-e-type=\"widget\" data-widget_type=\"text-editor.default\">\n\t\t\t\t<div class=\"elementor-widget-container\">\n\t\t\t\t\t\t\t\t\t<p data-start=\"120\" data-end=\"437\">Dans un march\u00e9 2025 o\u00f9 la croissance externe reste un levier strat\u00e9gique majeur, les d\u00e9cideurs font face \u00e0 une statistique tenace : entre 70 % et 90 % des op\u00e9rations de fusion-acquisition (M&amp;A) \u00e9chouent ou sous-performent. La majorit\u00e9 des \u00e9carts de valeur \u00e9tant imput\u00e9s aux facteurs humains, de culture, de comp\u00e9tences et de r\u00e9tention des \u00e9quipes cl\u00e9s.<\/p><p data-start=\"439\" data-end=\"740\">Or, la m\u00eame mise de capitaux peut rapporter jusqu\u2019\u00e0 30 % de cr\u00e9ation de valeur suppl\u00e9mentaire lorsque la cartographie des talents est abord\u00e9e d\u00e8s la phase d\u2019intention d\u2019achat. La due-diligence RH devient ainsi une boussole : elle \u00e9claire la faisabilit\u00e9 des synergies, s\u00e9curise la continuit\u00e9 op\u00e9rationnelle et r\u00e9duit le co\u00fbt d\u2019int\u00e9gration.<\/p><p data-start=\"747\" data-end=\"825\"><strong data-start=\"747\" data-end=\"825\">1. Un risque de valeur invisible : quand la culture et les comp\u00e9tences d\u00e9terminent le succ\u00e8s d\u2019un deal<\/strong><\/p><p data-start=\"827\" data-end=\"977\">Les analyses r\u00e9centes montrent que 75 % des acqu\u00e9reurs n\u2019impliquent pas les \u00e9quipes RH \u00e0 un stade suffisamment pr\u00e9coce, ce qui se traduit par des surco\u00fbts d\u2019int\u00e9gration et une \u00e9rosion de la valeur cr\u00e9\u00e9e.<\/p><p data-start=\"979\" data-end=\"1356\">Dans le m\u00eame temps, 44 % des dirigeants interrog\u00e9s par <a href=\"https:\/\/www.mckinsey.com\/fr\/overview\" target=\"_blank\" rel=\"noopener\">McKinsey<\/a> identifient le \u00ab lack of cultural fit \u00bb comme cause principale de retard ou d\u2019\u00e9chec d\u2019int\u00e9gration. Le capital humain devient l\u2019\u00e9l\u00e9ment diff\u00e9renciant dans les secteurs \u00e0 forte intensit\u00e9 technologique : sur le terrain des acquisitions IA, le v\u00e9ritable actif recherch\u00e9 est souvent une \u00e9quipe de vingt-cinq ing\u00e9nieurs capables de d\u00e9cupler la productivit\u00e9, plut\u00f4t qu\u2019un portefeuille brevet\u00e9 classique.<\/p><p data-start=\"1358\" data-end=\"1506\">Pour les fonds et groupes corporate, la cartographie des talents n\u2019est plus un volet \u00ab soft \u00bb ; elle constitue un module de calcul de risque aussi structurant que la mod\u00e9lisation des cash-flows.<\/p><p data-start=\"1508\" data-end=\"1693\">Chez NAOS International, on observe : \u00ab Nous constatons qu\u2019une analyse fine des populations critiques peut r\u00e9duire de deux tiers le risque de d\u00e9part des \u00ab hi-pos \u00bb dans les six mois suivant le closing \u00bb.<\/p><p data-start=\"1700\" data-end=\"1773\"><strong data-start=\"1700\" data-end=\"1773\">2. Avant la n\u00e9gociation : b\u00e2tir une cartographie de comp\u00e9tences qui parle au board<\/strong><\/p><p data-start=\"1775\" data-end=\"1838\">Un exercice de talent mapping efficace combine trois dimensions :<\/p><ul data-start=\"1840\" data-end=\"2367\"><li data-start=\"1840\" data-end=\"2014\"><p data-start=\"1842\" data-end=\"2014\"><strong data-start=\"1842\" data-end=\"1865\">Analyse structurelle<\/strong> : inventorier les r\u00f4les cl\u00e9s, les cha\u00eenes de d\u00e9cision et les comp\u00e9tences rares dans la cible (et dans l\u2019acqu\u00e9reur) \u00e0 l\u2019aide d\u2019interviews crois\u00e9es et d\u2019extractions SIRH.<\/p><\/li><li data-start=\"2015\" data-end=\"2202\"><p data-start=\"2017\" data-end=\"2202\"><strong data-start=\"2017\" data-end=\"2042\">Segmentation critique<\/strong> : classer les effectifs selon leur contribution \u00e0 la proposition de valeur \u2013 cr\u00e9ateurs de revenus, d\u00e9tenteurs de savoirs r\u00e9glementaires, influenceurs culturels.<\/p><\/li><li data-start=\"2203\" data-end=\"2367\"><p data-start=\"2205\" data-end=\"2367\"><strong data-start=\"2205\" data-end=\"2227\">Scoring de continuit\u00e9<\/strong> : \u00e9valuer le risque de disponibilit\u00e9 (pr\u00e9avis, clauses de non-concurrence, attractivit\u00e9 march\u00e9) et calculer l\u2019exposition financi\u00e8re d\u2019un d\u00e9part.<\/p><\/li><\/ul><p data-start=\"2369\" data-end=\"2696\">La d\u00e9marche s\u2019appuie sur l\u2019analytics RH : corr\u00e9lation entre turnover historique et performance, mapping g\u00e9ographique, bench-mark sectoriel. Les donn\u00e9es <a href=\"https:\/\/www.deloitte.com\/fr\/fr.html\" target=\"_blank\" rel=\"noopener\">Deloitte<\/a> montrent que 86 % des salari\u00e9s \u2013 et 74 % des dirigeants \u2013 placent la transparence et la confiance au premier rang des facteurs de r\u00e9tention, rappelant l\u2019importance d\u2019une communication pr\u00e9-deal calibr\u00e9e.<\/p><p data-start=\"2703\" data-end=\"2786\"><strong data-start=\"2703\" data-end=\"2786\">3. Du diagnostic aux sc\u00e9narios : quantifier synergies et risques gr\u00e2ce aux donn\u00e9es RH<\/strong><\/p><p data-start=\"2788\" data-end=\"2849\">La granularit\u00e9 des cartographies permet de chiffrer :<\/p><ul data-start=\"2851\" data-end=\"3329\"><li data-start=\"2851\" data-end=\"3014\"><p data-start=\"2853\" data-end=\"3014\"><strong data-start=\"2853\" data-end=\"2887\">Le co\u00fbt implicite de la r\u00e9tention <\/strong>: remplacer un salari\u00e9 strat\u00e9gique peut repr\u00e9senter trois \u00e0 quatre fois son salaire annuel, sans compter la perte de savoir tacite.<\/p><\/li><li data-start=\"3015\" data-end=\"3187\"><p data-start=\"3017\" data-end=\"3187\"><strong data-start=\"3017\" data-end=\"3052\">La valeur d\u2019alignement culturel <\/strong>: PwC souligne que les deals cr\u00e9ant le plus de valeur combinent baisse des co\u00fbts et acc\u00e9l\u00e9ration d\u2019innovation via la compl\u00e9mentarit\u00e9 de comp\u00e9tences.<\/p><\/li><li data-start=\"3188\" data-end=\"3329\"><p data-start=\"3190\" data-end=\"3329\"><strong data-start=\"3190\" data-end=\"3212\">Les synergies \u00ab scalable \u00bb<\/strong> : McKinsey estime que le rapprochement d\u2019\u00e9quipes compl\u00e9mentaires amplifie de 15 % la vitesse de time-to-market dans les secteurs B2B tech.<\/p><\/li><\/ul><p data-start=\"3331\" data-end=\"3516\">\u00ab En int\u00e9grant un mod\u00e8le de scoring talent dans le business plan, le comit\u00e9 d\u2019investissement obtient une vision chiffr\u00e9e du co\u00fbt d\u2019opportunit\u00e9 li\u00e9 \u00e0 chaque sc\u00e9nario de r\u00e9tention ou de red\u00e9ploiement \u00bb.<\/p><p data-start=\"3523\" data-end=\"3611\"><strong data-start=\"3523\" data-end=\"3611\">4. Apr\u00e8s la signature : transformer la cartographie en plan d\u2019int\u00e9gration et de r\u00e9tention durable<\/strong><\/p><p data-start=\"3613\" data-end=\"3946\">Une fois la transaction sign\u00e9e, la cartographie se convertit en feuilles de route : packages de r\u00e9tention cibl\u00e9s, parcours d\u2019onboarding miroir pour les managers strat\u00e9giques, dispositifs de co-construction culturelle. Les \u00e9tudes sectorielles montrent que la r\u00e9tention au-del\u00e0 de 24 mois passe par la reconnaissance rapide des micro-cultures locales, en particulier dans les organisations multisites.<\/p><p data-start=\"3948\" data-end=\"4270\">Les head-hunters notent d\u00e9j\u00e0 une demande accrue de recherches \u00ab confidentielles \u00bb post-closing, signe que la concurrence tente de d\u00e9baucher les profils critiques d\u00e8s l\u2019annonce. Dans la seule fili\u00e8re recrutement, Hunt Scanlon anticipe une croissance \u00e0 deux chiffres en 2026, preuve de la tension sur la ressource dirigeante.<\/p><p data-start=\"4272\" data-end=\"4451\">Face \u00e0 cette pression, un plan d\u2019int\u00e9gration adoss\u00e9 \u00e0 la cartographie initiale sert d\u2019organe de pilotage : tableaux de suivi des taux de d\u00e9part, indicateurs d\u2019engagement, alertes rotation.<\/p><p data-start=\"4458\" data-end=\"4472\"><strong data-start=\"4458\" data-end=\"4472\">Conclusion<\/strong><\/p><p data-start=\"4474\" data-end=\"4741\">La cartographie des talents est devenue la \u00ab due-diligence talent \u00bb incontournable qui s\u00e9curise la th\u00e8se d\u2019acquisition. Dans un environnement o\u00f9 l\u2019\u00e9chec d\u2019un deal peut co\u00fbter des centaines de millions d\u2019euros, disposer d\u2019un radar pr\u00e9cis sur le capital humain \u00e9quivaut \u00e0 ma\u00eetriser 70 % des variables de r\u00e9ussite.<\/p><p data-start=\"4743\" data-end=\"4964\" data-is-last-node=\"\" data-is-only-node=\"\">Les directions M&amp;A qui int\u00e9greront syst\u00e9matiquement ce volet d\u00e8s la phase de ciblage disposeront d\u2019un avantage comp\u00e9titif tangible : elles valoriseront mieux la cible, retiendront les comp\u00e9tences rares et r\u00e9duiront le temps de r\u00e9alisation des synergies.<\/p>\t\t\t\t\t\t\t\t<\/div>\n\t\t\t\t<\/div>\n\t\t\t\t\t<\/div>\n\t\t\t\t<\/div>\n\t\t\t\t<\/div>\n\t\t","protected":false},"excerpt":{"rendered":"<p>Dans un march\u00e9 2025 o\u00f9 la croissance externe reste un levier strat\u00e9gique majeur, les d\u00e9cideurs font face \u00e0 une statistique tenace : entre 70 % et 90 % des op\u00e9rations de fusion-acquisition (M&amp;A) \u00e9chouent ou sous-performent. La majorit\u00e9 des \u00e9carts de valeur \u00e9tant imput\u00e9s aux facteurs humains, de culture, de comp\u00e9tences et de r\u00e9tention des [&hellip;]<\/p>\n","protected":false},"author":4,"featured_media":6009,"comment_status":"closed","ping_status":"closed","sticky":false,"template":"","format":"standard","meta":{"content-type":"","footnotes":""},"categories":[29],"tags":[],"class_list":["post-6014","post","type-post","status-publish","format-standard","has-post-thumbnail","hentry","category-research-fr"],"blocksy_meta":[],"yoast_head":"<!-- This site is optimized with the Yoast SEO plugin v27.5 - https:\/\/yoast.com\/product\/yoast-seo-wordpress\/ -->\n<title>Cartographier le capital humain avant l\u2019acquisition : la due-diligence \u00ab talent \u00bb qui s\u00e9curise la cr\u00e9ation de valeur | NAOS International<\/title>\n<meta name=\"description\" content=\"La due-diligence RH devient une boussole : elle \u00e9claire la faisabilit\u00e9 des synergies, s\u00e9curise la continuit\u00e9 op\u00e9rationnelle et r\u00e9duit le co\u00fbt d\u2019int\u00e9gration.\" \/>\n<meta name=\"robots\" content=\"index, follow, max-snippet:-1, max-image-preview:large, max-video-preview:-1\" \/>\n<link rel=\"canonical\" href=\"https:\/\/www.naos-international.com\/fr\/cartographier-le-capital-humain-avant-lacquisition-la-due-diligence-talent-qui-securise-la-creation-de-valeur\/\" \/>\n<meta property=\"og:locale\" content=\"fr_FR\" \/>\n<meta property=\"og:type\" content=\"article\" \/>\n<meta property=\"og:title\" content=\"Cartographier le capital humain avant l\u2019acquisition : la due-diligence \u00ab talent \u00bb qui s\u00e9curise la cr\u00e9ation de valeur | NAOS International\" \/>\n<meta property=\"og:description\" content=\"La due-diligence RH devient une boussole : elle \u00e9claire la faisabilit\u00e9 des synergies, s\u00e9curise la continuit\u00e9 op\u00e9rationnelle et r\u00e9duit le co\u00fbt d\u2019int\u00e9gration.\" \/>\n<meta property=\"og:url\" content=\"https:\/\/www.naos-international.com\/fr\/cartographier-le-capital-humain-avant-lacquisition-la-due-diligence-talent-qui-securise-la-creation-de-valeur\/\" \/>\n<meta property=\"og:site_name\" content=\"NAOS International\" \/>\n<meta property=\"article:published_time\" content=\"2025-07-28T14:20:06+00:00\" \/>\n<meta property=\"article:modified_time\" content=\"2025-07-28T14:47:32+00:00\" \/>\n<meta property=\"og:image\" content=\"https:\/\/www.naos-international.com\/wp-content\/uploads\/2025\/07\/giu-vicente-vNmW_jPsPpQ-unsplash-scaled.jpg\" \/>\n\t<meta property=\"og:image:width\" content=\"2560\" \/>\n\t<meta property=\"og:image:height\" content=\"1700\" \/>\n\t<meta property=\"og:image:type\" content=\"image\/jpeg\" \/>\n<meta name=\"author\" content=\"Yannis\" \/>\n<meta name=\"twitter:card\" content=\"summary_large_image\" \/>\n<meta name=\"twitter:label1\" content=\"\u00c9crit par\" \/>\n\t<meta name=\"twitter:data1\" content=\"Yannis\" \/>\n\t<meta name=\"twitter:label2\" content=\"Dur\u00e9e de lecture estim\u00e9e\" \/>\n\t<meta name=\"twitter:data2\" content=\"4 minutes\" \/>\n<script type=\"application\/ld+json\" class=\"yoast-schema-graph\">{\"@context\":\"https:\\\/\\\/schema.org\",\"@graph\":[{\"@type\":\"Article\",\"@id\":\"https:\\\/\\\/www.naos-international.com\\\/fr\\\/cartographier-le-capital-humain-avant-lacquisition-la-due-diligence-talent-qui-securise-la-creation-de-valeur\\\/#article\",\"isPartOf\":{\"@id\":\"https:\\\/\\\/www.naos-international.com\\\/fr\\\/cartographier-le-capital-humain-avant-lacquisition-la-due-diligence-talent-qui-securise-la-creation-de-valeur\\\/\"},\"author\":{\"name\":\"Yannis\",\"@id\":\"https:\\\/\\\/www.naos-international.com\\\/fr\\\/#\\\/schema\\\/person\\\/d6eb617764421d16a6116bc492f3f461\"},\"headline\":\"Cartographier le capital humain avant l\u2019acquisition : la due-diligence \u00ab talent \u00bb qui s\u00e9curise la cr\u00e9ation de valeur\",\"datePublished\":\"2025-07-28T14:20:06+00:00\",\"dateModified\":\"2025-07-28T14:47:32+00:00\",\"mainEntityOfPage\":{\"@id\":\"https:\\\/\\\/www.naos-international.com\\\/fr\\\/cartographier-le-capital-humain-avant-lacquisition-la-due-diligence-talent-qui-securise-la-creation-de-valeur\\\/\"},\"wordCount\":906,\"publisher\":{\"@id\":\"https:\\\/\\\/www.naos-international.com\\\/fr\\\/#organization\"},\"image\":{\"@id\":\"https:\\\/\\\/www.naos-international.com\\\/fr\\\/cartographier-le-capital-humain-avant-lacquisition-la-due-diligence-talent-qui-securise-la-creation-de-valeur\\\/#primaryimage\"},\"thumbnailUrl\":\"https:\\\/\\\/www.naos-international.com\\\/wp-content\\\/uploads\\\/2025\\\/07\\\/giu-vicente-vNmW_jPsPpQ-unsplash-scaled.jpg\",\"articleSection\":[\"Research\"],\"inLanguage\":\"fr-FR\"},{\"@type\":\"WebPage\",\"@id\":\"https:\\\/\\\/www.naos-international.com\\\/fr\\\/cartographier-le-capital-humain-avant-lacquisition-la-due-diligence-talent-qui-securise-la-creation-de-valeur\\\/\",\"url\":\"https:\\\/\\\/www.naos-international.com\\\/fr\\\/cartographier-le-capital-humain-avant-lacquisition-la-due-diligence-talent-qui-securise-la-creation-de-valeur\\\/\",\"name\":\"Cartographier le capital humain avant l\u2019acquisition : la due-diligence \u00ab talent \u00bb qui s\u00e9curise la cr\u00e9ation de valeur | NAOS International\",\"isPartOf\":{\"@id\":\"https:\\\/\\\/www.naos-international.com\\\/fr\\\/#website\"},\"primaryImageOfPage\":{\"@id\":\"https:\\\/\\\/www.naos-international.com\\\/fr\\\/cartographier-le-capital-humain-avant-lacquisition-la-due-diligence-talent-qui-securise-la-creation-de-valeur\\\/#primaryimage\"},\"image\":{\"@id\":\"https:\\\/\\\/www.naos-international.com\\\/fr\\\/cartographier-le-capital-humain-avant-lacquisition-la-due-diligence-talent-qui-securise-la-creation-de-valeur\\\/#primaryimage\"},\"thumbnailUrl\":\"https:\\\/\\\/www.naos-international.com\\\/wp-content\\\/uploads\\\/2025\\\/07\\\/giu-vicente-vNmW_jPsPpQ-unsplash-scaled.jpg\",\"datePublished\":\"2025-07-28T14:20:06+00:00\",\"dateModified\":\"2025-07-28T14:47:32+00:00\",\"description\":\"La due-diligence RH devient une boussole : elle \u00e9claire la faisabilit\u00e9 des synergies, s\u00e9curise la continuit\u00e9 op\u00e9rationnelle et r\u00e9duit le co\u00fbt d\u2019int\u00e9gration.\",\"breadcrumb\":{\"@id\":\"https:\\\/\\\/www.naos-international.com\\\/fr\\\/cartographier-le-capital-humain-avant-lacquisition-la-due-diligence-talent-qui-securise-la-creation-de-valeur\\\/#breadcrumb\"},\"inLanguage\":\"fr-FR\",\"potentialAction\":[{\"@type\":\"ReadAction\",\"target\":[\"https:\\\/\\\/www.naos-international.com\\\/fr\\\/cartographier-le-capital-humain-avant-lacquisition-la-due-diligence-talent-qui-securise-la-creation-de-valeur\\\/\"]}]},{\"@type\":\"ImageObject\",\"inLanguage\":\"fr-FR\",\"@id\":\"https:\\\/\\\/www.naos-international.com\\\/fr\\\/cartographier-le-capital-humain-avant-lacquisition-la-due-diligence-talent-qui-securise-la-creation-de-valeur\\\/#primaryimage\",\"url\":\"https:\\\/\\\/www.naos-international.com\\\/wp-content\\\/uploads\\\/2025\\\/07\\\/giu-vicente-vNmW_jPsPpQ-unsplash-scaled.jpg\",\"contentUrl\":\"https:\\\/\\\/www.naos-international.com\\\/wp-content\\\/uploads\\\/2025\\\/07\\\/giu-vicente-vNmW_jPsPpQ-unsplash-scaled.jpg\",\"width\":2560,\"height\":1700},{\"@type\":\"BreadcrumbList\",\"@id\":\"https:\\\/\\\/www.naos-international.com\\\/fr\\\/cartographier-le-capital-humain-avant-lacquisition-la-due-diligence-talent-qui-securise-la-creation-de-valeur\\\/#breadcrumb\",\"itemListElement\":[{\"@type\":\"ListItem\",\"position\":1,\"name\":\"Home\",\"item\":\"https:\\\/\\\/www.naos-international.com\\\/fr\\\/\"},{\"@type\":\"ListItem\",\"position\":2,\"name\":\"Cartographier le capital humain avant l\u2019acquisition : la due-diligence \u00ab talent \u00bb qui s\u00e9curise la cr\u00e9ation de valeur\"}]},{\"@type\":\"WebSite\",\"@id\":\"https:\\\/\\\/www.naos-international.com\\\/fr\\\/#website\",\"url\":\"https:\\\/\\\/www.naos-international.com\\\/fr\\\/\",\"name\":\"NAOS International\",\"description\":\"Executive Search - Bridging Worlds, Building Careers\",\"publisher\":{\"@id\":\"https:\\\/\\\/www.naos-international.com\\\/fr\\\/#organization\"},\"potentialAction\":[{\"@type\":\"SearchAction\",\"target\":{\"@type\":\"EntryPoint\",\"urlTemplate\":\"https:\\\/\\\/www.naos-international.com\\\/fr\\\/?s={search_term_string}\"},\"query-input\":{\"@type\":\"PropertyValueSpecification\",\"valueRequired\":true,\"valueName\":\"search_term_string\"}}],\"inLanguage\":\"fr-FR\"},{\"@type\":\"Organization\",\"@id\":\"https:\\\/\\\/www.naos-international.com\\\/fr\\\/#organization\",\"name\":\"NAOS International\",\"url\":\"https:\\\/\\\/www.naos-international.com\\\/fr\\\/\",\"logo\":{\"@type\":\"ImageObject\",\"inLanguage\":\"fr-FR\",\"@id\":\"https:\\\/\\\/www.naos-international.com\\\/fr\\\/#\\\/schema\\\/logo\\\/image\\\/\",\"url\":\"https:\\\/\\\/www.naos-international.com\\\/wp-content\\\/uploads\\\/2024\\\/03\\\/cropped-naos-international-favicon.png\",\"contentUrl\":\"https:\\\/\\\/www.naos-international.com\\\/wp-content\\\/uploads\\\/2024\\\/03\\\/cropped-naos-international-favicon.png\",\"width\":512,\"height\":512,\"caption\":\"NAOS International\"},\"image\":{\"@id\":\"https:\\\/\\\/www.naos-international.com\\\/fr\\\/#\\\/schema\\\/logo\\\/image\\\/\"}},{\"@type\":\"Person\",\"@id\":\"https:\\\/\\\/www.naos-international.com\\\/fr\\\/#\\\/schema\\\/person\\\/d6eb617764421d16a6116bc492f3f461\",\"name\":\"Yannis\",\"image\":{\"@type\":\"ImageObject\",\"inLanguage\":\"fr-FR\",\"@id\":\"https:\\\/\\\/secure.gravatar.com\\\/avatar\\\/83ad40b3c460d3f9d9a90d8c46c5a9fae603509151695b1cb2710f1afc684eaa?s=96&d=mm&r=g\",\"url\":\"https:\\\/\\\/secure.gravatar.com\\\/avatar\\\/83ad40b3c460d3f9d9a90d8c46c5a9fae603509151695b1cb2710f1afc684eaa?s=96&d=mm&r=g\",\"contentUrl\":\"https:\\\/\\\/secure.gravatar.com\\\/avatar\\\/83ad40b3c460d3f9d9a90d8c46c5a9fae603509151695b1cb2710f1afc684eaa?s=96&d=mm&r=g\",\"caption\":\"Yannis\"}}]}<\/script>\n<!-- \/ Yoast SEO plugin. -->","yoast_head_json":{"title":"Cartographier le capital humain avant l\u2019acquisition : la due-diligence \u00ab talent \u00bb qui s\u00e9curise la cr\u00e9ation de valeur | NAOS International","description":"La due-diligence RH devient une boussole : elle \u00e9claire la faisabilit\u00e9 des synergies, s\u00e9curise la continuit\u00e9 op\u00e9rationnelle et r\u00e9duit le co\u00fbt d\u2019int\u00e9gration.","robots":{"index":"index","follow":"follow","max-snippet":"max-snippet:-1","max-image-preview":"max-image-preview:large","max-video-preview":"max-video-preview:-1"},"canonical":"https:\/\/www.naos-international.com\/fr\/cartographier-le-capital-humain-avant-lacquisition-la-due-diligence-talent-qui-securise-la-creation-de-valeur\/","og_locale":"fr_FR","og_type":"article","og_title":"Cartographier le capital humain avant l\u2019acquisition : la due-diligence \u00ab talent \u00bb qui s\u00e9curise la cr\u00e9ation de valeur | NAOS International","og_description":"La due-diligence RH devient une boussole : elle \u00e9claire la faisabilit\u00e9 des synergies, s\u00e9curise la continuit\u00e9 op\u00e9rationnelle et r\u00e9duit le co\u00fbt d\u2019int\u00e9gration.","og_url":"https:\/\/www.naos-international.com\/fr\/cartographier-le-capital-humain-avant-lacquisition-la-due-diligence-talent-qui-securise-la-creation-de-valeur\/","og_site_name":"NAOS International","article_published_time":"2025-07-28T14:20:06+00:00","article_modified_time":"2025-07-28T14:47:32+00:00","og_image":[{"width":2560,"height":1700,"url":"https:\/\/www.naos-international.com\/wp-content\/uploads\/2025\/07\/giu-vicente-vNmW_jPsPpQ-unsplash-scaled.jpg","type":"image\/jpeg"}],"author":"Yannis","twitter_card":"summary_large_image","twitter_misc":{"\u00c9crit par":"Yannis","Dur\u00e9e de lecture estim\u00e9e":"4 minutes"},"schema":{"@context":"https:\/\/schema.org","@graph":[{"@type":"Article","@id":"https:\/\/www.naos-international.com\/fr\/cartographier-le-capital-humain-avant-lacquisition-la-due-diligence-talent-qui-securise-la-creation-de-valeur\/#article","isPartOf":{"@id":"https:\/\/www.naos-international.com\/fr\/cartographier-le-capital-humain-avant-lacquisition-la-due-diligence-talent-qui-securise-la-creation-de-valeur\/"},"author":{"name":"Yannis","@id":"https:\/\/www.naos-international.com\/fr\/#\/schema\/person\/d6eb617764421d16a6116bc492f3f461"},"headline":"Cartographier le capital humain avant l\u2019acquisition : la due-diligence \u00ab talent \u00bb qui s\u00e9curise la cr\u00e9ation de valeur","datePublished":"2025-07-28T14:20:06+00:00","dateModified":"2025-07-28T14:47:32+00:00","mainEntityOfPage":{"@id":"https:\/\/www.naos-international.com\/fr\/cartographier-le-capital-humain-avant-lacquisition-la-due-diligence-talent-qui-securise-la-creation-de-valeur\/"},"wordCount":906,"publisher":{"@id":"https:\/\/www.naos-international.com\/fr\/#organization"},"image":{"@id":"https:\/\/www.naos-international.com\/fr\/cartographier-le-capital-humain-avant-lacquisition-la-due-diligence-talent-qui-securise-la-creation-de-valeur\/#primaryimage"},"thumbnailUrl":"https:\/\/www.naos-international.com\/wp-content\/uploads\/2025\/07\/giu-vicente-vNmW_jPsPpQ-unsplash-scaled.jpg","articleSection":["Research"],"inLanguage":"fr-FR"},{"@type":"WebPage","@id":"https:\/\/www.naos-international.com\/fr\/cartographier-le-capital-humain-avant-lacquisition-la-due-diligence-talent-qui-securise-la-creation-de-valeur\/","url":"https:\/\/www.naos-international.com\/fr\/cartographier-le-capital-humain-avant-lacquisition-la-due-diligence-talent-qui-securise-la-creation-de-valeur\/","name":"Cartographier le capital humain avant l\u2019acquisition : la due-diligence \u00ab talent \u00bb qui s\u00e9curise la cr\u00e9ation de valeur | NAOS International","isPartOf":{"@id":"https:\/\/www.naos-international.com\/fr\/#website"},"primaryImageOfPage":{"@id":"https:\/\/www.naos-international.com\/fr\/cartographier-le-capital-humain-avant-lacquisition-la-due-diligence-talent-qui-securise-la-creation-de-valeur\/#primaryimage"},"image":{"@id":"https:\/\/www.naos-international.com\/fr\/cartographier-le-capital-humain-avant-lacquisition-la-due-diligence-talent-qui-securise-la-creation-de-valeur\/#primaryimage"},"thumbnailUrl":"https:\/\/www.naos-international.com\/wp-content\/uploads\/2025\/07\/giu-vicente-vNmW_jPsPpQ-unsplash-scaled.jpg","datePublished":"2025-07-28T14:20:06+00:00","dateModified":"2025-07-28T14:47:32+00:00","description":"La due-diligence RH devient une boussole : elle \u00e9claire la faisabilit\u00e9 des synergies, s\u00e9curise la continuit\u00e9 op\u00e9rationnelle et r\u00e9duit le co\u00fbt d\u2019int\u00e9gration.","breadcrumb":{"@id":"https:\/\/www.naos-international.com\/fr\/cartographier-le-capital-humain-avant-lacquisition-la-due-diligence-talent-qui-securise-la-creation-de-valeur\/#breadcrumb"},"inLanguage":"fr-FR","potentialAction":[{"@type":"ReadAction","target":["https:\/\/www.naos-international.com\/fr\/cartographier-le-capital-humain-avant-lacquisition-la-due-diligence-talent-qui-securise-la-creation-de-valeur\/"]}]},{"@type":"ImageObject","inLanguage":"fr-FR","@id":"https:\/\/www.naos-international.com\/fr\/cartographier-le-capital-humain-avant-lacquisition-la-due-diligence-talent-qui-securise-la-creation-de-valeur\/#primaryimage","url":"https:\/\/www.naos-international.com\/wp-content\/uploads\/2025\/07\/giu-vicente-vNmW_jPsPpQ-unsplash-scaled.jpg","contentUrl":"https:\/\/www.naos-international.com\/wp-content\/uploads\/2025\/07\/giu-vicente-vNmW_jPsPpQ-unsplash-scaled.jpg","width":2560,"height":1700},{"@type":"BreadcrumbList","@id":"https:\/\/www.naos-international.com\/fr\/cartographier-le-capital-humain-avant-lacquisition-la-due-diligence-talent-qui-securise-la-creation-de-valeur\/#breadcrumb","itemListElement":[{"@type":"ListItem","position":1,"name":"Home","item":"https:\/\/www.naos-international.com\/fr\/"},{"@type":"ListItem","position":2,"name":"Cartographier le capital humain avant l\u2019acquisition : la due-diligence \u00ab talent \u00bb qui s\u00e9curise la cr\u00e9ation de valeur"}]},{"@type":"WebSite","@id":"https:\/\/www.naos-international.com\/fr\/#website","url":"https:\/\/www.naos-international.com\/fr\/","name":"NAOS International","description":"Executive Search - Bridging Worlds, Building Careers","publisher":{"@id":"https:\/\/www.naos-international.com\/fr\/#organization"},"potentialAction":[{"@type":"SearchAction","target":{"@type":"EntryPoint","urlTemplate":"https:\/\/www.naos-international.com\/fr\/?s={search_term_string}"},"query-input":{"@type":"PropertyValueSpecification","valueRequired":true,"valueName":"search_term_string"}}],"inLanguage":"fr-FR"},{"@type":"Organization","@id":"https:\/\/www.naos-international.com\/fr\/#organization","name":"NAOS International","url":"https:\/\/www.naos-international.com\/fr\/","logo":{"@type":"ImageObject","inLanguage":"fr-FR","@id":"https:\/\/www.naos-international.com\/fr\/#\/schema\/logo\/image\/","url":"https:\/\/www.naos-international.com\/wp-content\/uploads\/2024\/03\/cropped-naos-international-favicon.png","contentUrl":"https:\/\/www.naos-international.com\/wp-content\/uploads\/2024\/03\/cropped-naos-international-favicon.png","width":512,"height":512,"caption":"NAOS International"},"image":{"@id":"https:\/\/www.naos-international.com\/fr\/#\/schema\/logo\/image\/"}},{"@type":"Person","@id":"https:\/\/www.naos-international.com\/fr\/#\/schema\/person\/d6eb617764421d16a6116bc492f3f461","name":"Yannis","image":{"@type":"ImageObject","inLanguage":"fr-FR","@id":"https:\/\/secure.gravatar.com\/avatar\/83ad40b3c460d3f9d9a90d8c46c5a9fae603509151695b1cb2710f1afc684eaa?s=96&d=mm&r=g","url":"https:\/\/secure.gravatar.com\/avatar\/83ad40b3c460d3f9d9a90d8c46c5a9fae603509151695b1cb2710f1afc684eaa?s=96&d=mm&r=g","contentUrl":"https:\/\/secure.gravatar.com\/avatar\/83ad40b3c460d3f9d9a90d8c46c5a9fae603509151695b1cb2710f1afc684eaa?s=96&d=mm&r=g","caption":"Yannis"}}]}},"_links":{"self":[{"href":"https:\/\/www.naos-international.com\/fr\/wp-json\/wp\/v2\/posts\/6014","targetHints":{"allow":["GET"]}}],"collection":[{"href":"https:\/\/www.naos-international.com\/fr\/wp-json\/wp\/v2\/posts"}],"about":[{"href":"https:\/\/www.naos-international.com\/fr\/wp-json\/wp\/v2\/types\/post"}],"author":[{"embeddable":true,"href":"https:\/\/www.naos-international.com\/fr\/wp-json\/wp\/v2\/users\/4"}],"replies":[{"embeddable":true,"href":"https:\/\/www.naos-international.com\/fr\/wp-json\/wp\/v2\/comments?post=6014"}],"version-history":[{"count":2,"href":"https:\/\/www.naos-international.com\/fr\/wp-json\/wp\/v2\/posts\/6014\/revisions"}],"predecessor-version":[{"id":6017,"href":"https:\/\/www.naos-international.com\/fr\/wp-json\/wp\/v2\/posts\/6014\/revisions\/6017"}],"wp:featuredmedia":[{"embeddable":true,"href":"https:\/\/www.naos-international.com\/fr\/wp-json\/wp\/v2\/media\/6009"}],"wp:attachment":[{"href":"https:\/\/www.naos-international.com\/fr\/wp-json\/wp\/v2\/media?parent=6014"}],"wp:term":[{"taxonomy":"category","embeddable":true,"href":"https:\/\/www.naos-international.com\/fr\/wp-json\/wp\/v2\/categories?post=6014"},{"taxonomy":"post_tag","embeddable":true,"href":"https:\/\/www.naos-international.com\/fr\/wp-json\/wp\/v2\/tags?post=6014"}],"curies":[{"name":"wp","href":"https:\/\/api.w.org\/{rel}","templated":true}]}}