{"id":6026,"date":"2025-09-01T16:10:33","date_gmt":"2025-09-01T14:10:33","guid":{"rendered":"https:\/\/www.naos-international.com\/reprendre-le-rythme-apres-les-vacances-des-pistes-concretes-pour-une-reprise-reussie\/"},"modified":"2025-09-01T16:24:17","modified_gmt":"2025-09-01T14:24:17","slug":"reprendre-le-rythme-apres-les-vacances-des-pistes-concretes-pour-une-reprise-reussie","status":"publish","type":"post","link":"https:\/\/www.naos-international.com\/fr\/reprendre-le-rythme-apres-les-vacances-des-pistes-concretes-pour-une-reprise-reussie\/","title":{"rendered":"Reprendre le rythme apr\u00e8s les vacances : des pistes concr\u00e8tes pour une reprise r\u00e9ussie"},"content":{"rendered":"\t\t<div data-elementor-type=\"wp-post\" data-elementor-id=\"6026\" class=\"elementor elementor-6026 elementor-6019\" data-elementor-post-type=\"post\">\n\t\t\t\t<div class=\"elementor-element elementor-element-e922a8a e-flex e-con-boxed e-con e-parent\" data-id=\"e922a8a\" data-element_type=\"container\" data-e-type=\"container\">\n\t\t\t\t\t<div class=\"e-con-inner\">\n\t\t\t\t<div class=\"elementor-element elementor-element-0836e29 elementor-widget elementor-widget-text-editor\" data-id=\"0836e29\" data-element_type=\"widget\" data-e-type=\"widget\" data-widget_type=\"text-editor.default\">\n\t\t\t\t<div class=\"elementor-widget-container\">\n\t\t\t\t\t\t\t\t\t<p data-start=\"95\" data-end=\"530\">La reprise apr\u00e8s les cong\u00e9s n\u2019est pas un simple \u00ab on\/off \u00bb. Pour les dirigeants et DRH, c\u2019est un moment strat\u00e9gique o\u00f9 s\u2019articulent remise en route des \u00e9quipes, arbitrages de priorit\u00e9s et pr\u00e9vention des risques psycho-sociaux. La litt\u00e9rature acad\u00e9mique et les retours d\u2019exp\u00e9rience convergent : le repos am\u00e9liore la cr\u00e9ativit\u00e9 et le bien-\u00eatre, mais le b\u00e9n\u00e9fice peut s\u2019\u00e9vaporer si la rentr\u00e9e n\u2019est pas organis\u00e9e (surcharge d\u2019e-mails, r\u00e9unions non essentielles, objectifs flous).  <\/p><p data-start=\"532\" data-end=\"857\">Une rentr\u00e9e professionnelle r\u00e9ussie se joue donc autant dans le rythme que dans la m\u00e9thode. Des travaux montrent depuis plusieurs ann\u00e9es que l\u2019absence de r\u00e9cup\u00e9ration d\u00e9grade durablement la performance, alors que des p\u00e9riodes de repos structur\u00e9es soutiennent l\u2019engagement et la productivit\u00e9. <br>L\u2019enjeu est d\u2019orchestrer la transition pour capitaliser sur ces effets positifs.  <\/p><p data-start=\"859\" data-end=\"1337\">Des \u00e9tudes longitudinales confirment ce \u00ab boost \u00bb post-vacances : la cr\u00e9ativit\u00e9 auto-rapport\u00e9e des collaborateurs progresse apr\u00e8s des p\u00e9riodes de r\u00e9cup\u00e9ration. Un potentiel qui ne se mat\u00e9rialise que si la reprise limite les interf\u00e9rences attentionnelles et les contraintes inutiles. <br>Parall\u00e8lement, les organismes fran\u00e7ais de r\u00e9f\u00e9rence (<a href=\"https:\/\/www.inrs.fr\/\" target=\"_blank\" rel=\"noopener\">INRS, Minist\u00e8re du Travail<\/a>) rappellent qu\u2019un environnement de travail mal r\u00e9gul\u00e9 (objectifs flous, surcharge, hyper-connexion) alimente le stress professionnel et nuit \u00e0 la performance globale de l\u2019organisation.  <\/p><p data-start=\"1339\" data-end=\"1493\">La meilleure rentr\u00e9e n\u2019est pas la plus rapide, c\u2019est la plus lisible : clarifier ce qui compte et s\u00e9quencer l\u2019effort permet la mont\u00e9e en puissance progressive et surtout efficace apr\u00e8s une longue pause<\/p><hr data-start=\"1495\" data-end=\"1498\"><p data-start=\"1500\" data-end=\"1582\"><strong data-start=\"1500\" data-end=\"1582\">Prot\u00e9ger l\u2019attention la premi\u00e8re semaine : r\u00e9duire le <br>\u00ab bruit \u00bb pour retrouver de la vitesse<\/strong><\/p><p data-start=\"1584\" data-end=\"1908\">La recherche sur le \u201cattention residue\u201d de <a href=\"https:\/\/www.sciencedirect.com\/science\/article\/abs\/pii\/S0749597809000399\" target=\"_blank\" rel=\"noopener\">Sophie Leroy<\/a> montre qu\u2019alterner sans cesse de sujets laisse une \u00ab trace \u00bb cognitive qui d\u00e9grade l\u2019ex\u00e9cution de la t\u00e2che suivante. Traduction manag\u00e9riale : la premi\u00e8re semaine, r\u00e9duire les interruptions et regrouper les t\u00e2ches de m\u00eame nature (e-mails, d\u00e9cisions, r\u00e9visions budg\u00e9taires) pour acc\u00e9l\u00e9rer la remise en route. <\/p><p data-start=\"1910\" data-end=\"2317\">C\u00f4t\u00e9 r\u00e9unions, la litt\u00e9rature r\u00e9cente confirme que trop de meetings alt\u00e8rent l\u2019engagement et volent le temps de concentration n\u00e9cessaire apr\u00e8s les cong\u00e9s : <a href=\"https:\/\/www.hbrfrance.fr\/\" target=\"_blank\" rel=\"noopener\">HBR<\/a> rapporte que jusqu\u2019\u00e0 un tiers des r\u00e9unions seraient superflues et que l\u2019insuffisance de plages de focus est le premier frein \u00e0 la productivit\u00e9 en environnement hybride. Instaurer 1 \u00e0 2 jours sans r\u00e9unions (ou des demi-journ\u00e9es \u00ab focus \u00bb) la semaine du retour redonne un souffle d\u2019ex\u00e9cution. <\/p><p data-start=\"2319\" data-end=\"2749\">Des exp\u00e9rimentations relay\u00e9es par le <a href=\"https:\/\/sloanreview.mit.edu\/\" target=\"_blank\" rel=\"noopener\">MIT Sloan Management Review<\/a> montrent qu\u2019une r\u00e9duction d\u2019environ 40 % des r\u00e9unions accro\u00eet l\u2019autonomie per\u00e7ue et la productivit\u00e9 ; plusieurs entreprises ont observ\u00e9 des gains significatifs lors de p\u00e9riodes sans r\u00e9union planifi\u00e9es. Pour une rentr\u00e9e r\u00e9ussie, l\u2019important est de fixer une fen\u00eatre temporaire (7\u201310 jours) avec des r\u00e9unions filtr\u00e9es sur des crit\u00e8res stricts : d\u00e9cision \u00e0 prendre, d\u00e9pendance bloquante, valeur non substituable par un m\u00e9mo. <\/p><hr data-start=\"2751\" data-end=\"2754\"><p data-start=\"2756\" data-end=\"2823\"><strong data-start=\"2756\" data-end=\"2823\">Hygi\u00e8ne num\u00e9rique : encadrer les e-mails et messageries pour \u00e9viter la rechute<\/strong><\/p><p data-start=\"2825\" data-end=\"3260\">Le r\u00e9flexe qui sabote le plus souvent la rentr\u00e9e ? Vider sa bo\u00eete d\u00e8s le premier matin. Une \u00e9tude exp\u00e9rimentale (<a href=\"https:\/\/www.sciencedirect.com\/science\/article\/abs\/pii\/S0022103117301737\" target=\"_blank\" rel=\"noopener\">Kushlev &amp; Dunn<\/a>) montre qu\u2019espacer la consultation des e-mails (trois cr\u00e9neaux par jour) r\u00e9duit significativement le stress quotidien et am\u00e9liore le bien-\u00eatre, par rapport \u00e0 l\u2019acc\u00e8s illimit\u00e9. En pratique : d\u00e9sactiver les notifications push, <br>traiter les messages par lots, et coder l\u2019objet des e-mails ([Info], [Action], [D\u00e9cision]) pour supprimer les \u00ab fausses urgences \u00bb.   <\/p><p data-start=\"3262\" data-end=\"3763\">Au-del\u00e0 des pratiques individuelles, il existe un cadre organisationnel solide. En Europe, <a href=\"https:\/\/european-union.europa.eu\/institutions-law-budget\/institutions-and-bodies\/search-all-eu-institutions-and-bodies\/eurofound_fr\" target=\"_blank\" rel=\"noopener\">Eurofound<\/a> rappelle que les politiques de droit \u00e0 la d\u00e9connexion s\u2019associent \u00e0 des niveaux de satisfaction au travail nettement sup\u00e9rieurs et \u00e0 un meilleur \u00e9quilibre de vie. En France, ce droit figure dans la loi : \u00e0 d\u00e9faut d\u2019accord collectif, l\u2019employeur doit \u00e9tablir une charte pr\u00e9cisant les modalit\u00e9s (outils num\u00e9riques, plages de repos, sensibilisation manag\u00e9riale). Rappeler et appliquer ces r\u00e8gles d\u00e8s la rentr\u00e9e est une mani\u00e8re concr\u00e8te d\u2019\u00e9viter l\u2019\u00ab infini de la journ\u00e9e de travail \u00bb.   <\/p><hr data-start=\"3765\" data-end=\"3768\"><p data-start=\"3770\" data-end=\"3865\"><strong data-start=\"3770\" data-end=\"3865\">Reprioriser sans brutaliser : dire ce qui est non-n\u00e9gociable, ce qui peut attendre, ce qui sort<\/strong><\/p><p data-start=\"3867\" data-end=\"4156\">Une rentr\u00e9e efficace n\u2019est pas un \u00ab big bang \u00bb ; c\u2019est un encha\u00eenement orchestr\u00e9. La litt\u00e9rature manag\u00e9riale et les observatoires du travail convergent : mieux vaut prioriser peu et s\u00e9quencer. Une revue d\u2019objectifs d\u2019une heure en COMEX\/CODIR produit rapidement trois listes :  <\/p><ul data-start=\"4158\" data-end=\"4278\"><li data-start=\"4158\" data-end=\"4205\"><p data-start=\"4160\" data-end=\"4205\">Non-n\u00e9gociable (\u00e0 livrer rapidement) ;<\/p><\/li><li data-start=\"4206\" data-end=\"4235\"><p data-start=\"4208\" data-end=\"4235\">Peut attendre (report planifi\u00e9) ;<\/p><\/li><li data-start=\"4236\" data-end=\"4278\"><p data-start=\"4238\" data-end=\"4278\">Hors champ (on arr\u00eate, ou on met en veille).<\/p><\/li><\/ul><p data-start=\"4280\" data-end=\"4465\">Cette clarification prot\u00e8ge les \u00e9quipes d\u2019une reprise anxiog\u00e8ne, et s\u2019accorde avec les constats des Work Trend Index : la surcharge d\u2019interactions fait baisser la qualit\u00e9 de la d\u00e9cision si les objectifs ne sont pas hi\u00e9rarchis\u00e9s.<\/p><p data-start=\"4467\" data-end=\"4871\">Dans ce cadre, limiter les r\u00e9unions ad hoc et conserver un rituel court de suivi (20 minutes, format avanc\u00e9es \/ incidents \/ d\u00e9cision attendue) permet de reprendre la main sans surcharger l\u2019agenda. Les analyses HBR fond\u00e9es sur la donn\u00e9e confirment que trop de r\u00e9unions d\u00e9truisent la concentration et l\u2019engagement ; \u00e0 l\u2019inverse, remplacer une <br>partie des \u00e9changes par de la documentation compacte (m\u00e9mos, check-lists) redonne du temps d\u2019ex\u00e9cution. <\/p><p data-start=\"4873\" data-end=\"5188\">Enfin, un mot sur le cadre social. Les ressources du Minist\u00e8re du Travail et de l\u2019INRS rappellent qu\u2019une bonne QVCT en p\u00e9riode de reprise tient \u00e0 quelques fondamentaux : objectifs lisibles, soutien manag\u00e9rial, participation des \u00e9quipes aux ajustements de charge. Ce sont autant d\u2019\u00e9l\u00e9ments qui facilitent une rentr\u00e9e progressive sans perte de vitesse.  <\/p><hr data-start=\"5190\" data-end=\"5193\"><p data-start=\"5195\" data-end=\"5274\"><strong data-start=\"5195\" data-end=\"5274\">Relancer l\u2019\u00e9nergie collective : rituels courts, d\u00e9cisions trac\u00e9es, signaux faibles<\/strong><\/p><p data-start=\"5276\" data-end=\"5485\">Le b\u00e9n\u00e9fice des vacances n\u2019est pas seulement physiologique ; il est social. Les retours \u00e9chelonn\u00e9s peuvent g\u00e9n\u00e9rer des frictions ou des malentendus si rien n\u2019est re-expliqu\u00e9. Un rituel d\u2019\u00e9quipe de 30 minutes la semaine du retour suffit souvent :  <\/p><ul data-start=\"5487\" data-end=\"5685\"><li data-start=\"5487\" data-end=\"5545\"><p data-start=\"5489\" data-end=\"5545\">\u00ab Ce qui s\u2019est pass\u00e9 pendant l\u2019absence \u00bb (faits, d\u00e9cisions) ;<\/p><\/li><li data-start=\"5546\" data-end=\"5612\"><p data-start=\"5548\" data-end=\"5612\">\u00ab Ce qui change cet automne \u00bb (priorit\u00e9s, d\u00e9pendances, risques) ;<\/p><\/li><li data-start=\"5613\" data-end=\"5685\"><p data-start=\"5615\" data-end=\"5685\">\u00ab O\u00f9 aider \u00bb (bouchons identifi\u00e9s, arbitrages demand\u00e9s).<\/p><\/li><\/ul><p data-start=\"5687\" data-end=\"5970\">Aosser ces rituels \u00e0 un canal documentaire unique (memos, check-lists) limite la duplication des r\u00e9unions et trace les d\u00e9cisions. La presse \u00e9conomique observe d\u2019ailleurs une tendance de fond : moins de r\u00e9unions, plus de m\u00e9mos, pour favoriser un travail plus asynchrone et mieux document\u00e9 dans les organisations distribu\u00e9es. <\/p><p data-start=\"5972\" data-end=\"6301\">C\u00f4t\u00e9 outils, les donn\u00e9es Microsoft objectivent l\u2019\u00ab infinite workday \u00bb : r\u00e9unions tardives en hausse, messages hors heures plus nombreux, 275 interruptions par jour en moyenne. L\u2019objectif n\u2019est pas de diaboliser l\u2019outil, mais de redessiner les usages : plages sans notifications, regroupement des sollicitations asynchrones, et retour \u00e0 la sobri\u00e9t\u00e9 dans la planification des r\u00e9unions. <\/p><hr data-start=\"6303\" data-end=\"6306\"><p data-start=\"6308\" data-end=\"6371\"><strong data-start=\"6308\" data-end=\"6371\">Conclusion : faire de la rentr\u00e9e un avantage comp\u00e9titif<\/strong><\/p><p data-start=\"6373\" data-end=\"6885\">Reprendre le rythme apr\u00e8s les vacances ne consiste ni \u00e0 \u00ab mettre le turbo \u00bb ni \u00e0 \u00ab laisser faire \u00bb. C\u2019est un acte de design organisationnel : prot\u00e9ger l\u2019attention la premi\u00e8re semaine, r\u00e9-encadrer l\u2019hygi\u00e8ne num\u00e9rique, prioriser et relancer l\u2019\u00e9nergie collective par des rituels sobres et des d\u00e9cisions trac\u00e9es. Les donn\u00e9es issues de la recherche (attention, e-mail, r\u00e9unions) et des \u00e9tudes convergent vers la m\u00eame conclusion : repos, focus et r\u00e8gles du jeu explicites produisent des r\u00e9sultats sup\u00e9rieurs \u00e0 la pr\u00e9cipitation et \u00e0 l\u2019hyper-connexion.  <\/p><p data-start=\"6887\" data-end=\"7171\" data-is-last-node=\"\" data-is-only-node=\"\">Chaque direction peut transformer le retour de cong\u00e9s en levier d\u2019efficacit\u00e9 durable. Ce n\u2019est ni l\u2019empilement de r\u00e9unions, ni le z\u00e9ro e-mail, mais un cadre explicite et une cadence soutenable qui installent une rentr\u00e9e r\u00e9ussie, au service de la strat\u00e9gie et des \u00e9quipes. <\/p>\t\t\t\t\t\t\t\t<\/div>\n\t\t\t\t<\/div>\n\t\t\t\t\t<\/div>\n\t\t\t\t<\/div>\n\t\t\t\t<\/div>\n\t\t","protected":false},"excerpt":{"rendered":"<p>La reprise apr\u00e8s les cong\u00e9s n\u2019est pas un simple \u00ab on\/off \u00bb. Pour les dirigeants et DRH, c\u2019est un moment strat\u00e9gique o\u00f9 s\u2019articulent remise en route des \u00e9quipes, arbitrages de priorit\u00e9s et pr\u00e9vention des risques psycho-sociaux. La litt\u00e9rature acad\u00e9mique et les retours d\u2019exp\u00e9rience convergent : le repos am\u00e9liore la cr\u00e9ativit\u00e9 et le bien-\u00eatre, mais le [&hellip;]<\/p>\n","protected":false},"author":4,"featured_media":6022,"comment_status":"closed","ping_status":"closed","sticky":false,"template":"","format":"standard","meta":{"content-type":"","footnotes":""},"categories":[29],"tags":[],"class_list":["post-6026","post","type-post","status-publish","format-standard","has-post-thumbnail","hentry","category-research-fr"],"blocksy_meta":[],"yoast_head":"<!-- This site is optimized with the Yoast SEO plugin v27.5 - https:\/\/yoast.com\/product\/yoast-seo-wordpress\/ -->\n<title>Reprendre le rythme apr\u00e8s les vacances : des pistes concr\u00e8tes pour une reprise r\u00e9ussie | NAOS International<\/title>\n<meta name=\"description\" content=\"Pour les dirigeants et DRH, c\u2019est un moment strat\u00e9gique o\u00f9 s\u2019articulent remise en route des \u00e9quipes, arbitrages de priorit\u00e9s et pr\u00e9vention des risques psycho-sociaux.\" \/>\n<meta name=\"robots\" content=\"index, follow, max-snippet:-1, max-image-preview:large, max-video-preview:-1\" \/>\n<link rel=\"canonical\" href=\"https:\/\/www.naos-international.com\/fr\/reprendre-le-rythme-apres-les-vacances-des-pistes-concretes-pour-une-reprise-reussie\/\" \/>\n<meta property=\"og:locale\" content=\"fr_FR\" \/>\n<meta property=\"og:type\" content=\"article\" \/>\n<meta property=\"og:title\" content=\"Reprendre le rythme apr\u00e8s les vacances : des pistes concr\u00e8tes pour une reprise r\u00e9ussie | NAOS International\" \/>\n<meta property=\"og:description\" content=\"Pour les dirigeants et DRH, c\u2019est un moment strat\u00e9gique o\u00f9 s\u2019articulent remise en route des \u00e9quipes, arbitrages de priorit\u00e9s et pr\u00e9vention des risques psycho-sociaux.\" \/>\n<meta property=\"og:url\" content=\"https:\/\/www.naos-international.com\/fr\/reprendre-le-rythme-apres-les-vacances-des-pistes-concretes-pour-une-reprise-reussie\/\" \/>\n<meta property=\"og:site_name\" content=\"NAOS International\" \/>\n<meta property=\"article:published_time\" content=\"2025-09-01T14:10:33+00:00\" \/>\n<meta property=\"article:modified_time\" content=\"2025-09-01T14:24:17+00:00\" \/>\n<meta property=\"og:image\" content=\"https:\/\/www.naos-international.com\/wp-content\/uploads\/2025\/09\/jakub-zerdzicki-orfe0w1tvs-unsplash-scaled.jpg\" \/>\n\t<meta property=\"og:image:width\" content=\"2560\" \/>\n\t<meta property=\"og:image:height\" content=\"1708\" \/>\n\t<meta property=\"og:image:type\" content=\"image\/jpeg\" \/>\n<meta name=\"author\" content=\"Yannis\" \/>\n<meta name=\"twitter:card\" content=\"summary_large_image\" \/>\n<meta name=\"twitter:label1\" content=\"\u00c9crit par\" \/>\n\t<meta name=\"twitter:data1\" content=\"Yannis\" \/>\n\t<meta name=\"twitter:label2\" content=\"Dur\u00e9e de lecture estim\u00e9e\" \/>\n\t<meta name=\"twitter:data2\" content=\"7 minutes\" \/>\n<script type=\"application\/ld+json\" class=\"yoast-schema-graph\">{\"@context\":\"https:\\\/\\\/schema.org\",\"@graph\":[{\"@type\":\"Article\",\"@id\":\"https:\\\/\\\/www.naos-international.com\\\/fr\\\/reprendre-le-rythme-apres-les-vacances-des-pistes-concretes-pour-une-reprise-reussie\\\/#article\",\"isPartOf\":{\"@id\":\"https:\\\/\\\/www.naos-international.com\\\/fr\\\/reprendre-le-rythme-apres-les-vacances-des-pistes-concretes-pour-une-reprise-reussie\\\/\"},\"author\":{\"name\":\"Yannis\",\"@id\":\"https:\\\/\\\/www.naos-international.com\\\/fr\\\/#\\\/schema\\\/person\\\/d6eb617764421d16a6116bc492f3f461\"},\"headline\":\"Reprendre le rythme apr\u00e8s les vacances : des pistes concr\u00e8tes pour une reprise r\u00e9ussie\",\"datePublished\":\"2025-09-01T14:10:33+00:00\",\"dateModified\":\"2025-09-01T14:24:17+00:00\",\"mainEntityOfPage\":{\"@id\":\"https:\\\/\\\/www.naos-international.com\\\/fr\\\/reprendre-le-rythme-apres-les-vacances-des-pistes-concretes-pour-une-reprise-reussie\\\/\"},\"wordCount\":1350,\"publisher\":{\"@id\":\"https:\\\/\\\/www.naos-international.com\\\/fr\\\/#organization\"},\"image\":{\"@id\":\"https:\\\/\\\/www.naos-international.com\\\/fr\\\/reprendre-le-rythme-apres-les-vacances-des-pistes-concretes-pour-une-reprise-reussie\\\/#primaryimage\"},\"thumbnailUrl\":\"https:\\\/\\\/www.naos-international.com\\\/wp-content\\\/uploads\\\/2025\\\/09\\\/jakub-zerdzicki-orfe0w1tvs-unsplash-scaled.jpg\",\"articleSection\":[\"Research\"],\"inLanguage\":\"fr-FR\"},{\"@type\":\"WebPage\",\"@id\":\"https:\\\/\\\/www.naos-international.com\\\/fr\\\/reprendre-le-rythme-apres-les-vacances-des-pistes-concretes-pour-une-reprise-reussie\\\/\",\"url\":\"https:\\\/\\\/www.naos-international.com\\\/fr\\\/reprendre-le-rythme-apres-les-vacances-des-pistes-concretes-pour-une-reprise-reussie\\\/\",\"name\":\"Reprendre le rythme apr\u00e8s les vacances : des pistes concr\u00e8tes pour une reprise r\u00e9ussie | NAOS International\",\"isPartOf\":{\"@id\":\"https:\\\/\\\/www.naos-international.com\\\/fr\\\/#website\"},\"primaryImageOfPage\":{\"@id\":\"https:\\\/\\\/www.naos-international.com\\\/fr\\\/reprendre-le-rythme-apres-les-vacances-des-pistes-concretes-pour-une-reprise-reussie\\\/#primaryimage\"},\"image\":{\"@id\":\"https:\\\/\\\/www.naos-international.com\\\/fr\\\/reprendre-le-rythme-apres-les-vacances-des-pistes-concretes-pour-une-reprise-reussie\\\/#primaryimage\"},\"thumbnailUrl\":\"https:\\\/\\\/www.naos-international.com\\\/wp-content\\\/uploads\\\/2025\\\/09\\\/jakub-zerdzicki-orfe0w1tvs-unsplash-scaled.jpg\",\"datePublished\":\"2025-09-01T14:10:33+00:00\",\"dateModified\":\"2025-09-01T14:24:17+00:00\",\"description\":\"Pour les dirigeants et DRH, c\u2019est un moment strat\u00e9gique o\u00f9 s\u2019articulent remise en route des \u00e9quipes, arbitrages de priorit\u00e9s et pr\u00e9vention des risques psycho-sociaux.\",\"breadcrumb\":{\"@id\":\"https:\\\/\\\/www.naos-international.com\\\/fr\\\/reprendre-le-rythme-apres-les-vacances-des-pistes-concretes-pour-une-reprise-reussie\\\/#breadcrumb\"},\"inLanguage\":\"fr-FR\",\"potentialAction\":[{\"@type\":\"ReadAction\",\"target\":[\"https:\\\/\\\/www.naos-international.com\\\/fr\\\/reprendre-le-rythme-apres-les-vacances-des-pistes-concretes-pour-une-reprise-reussie\\\/\"]}]},{\"@type\":\"ImageObject\",\"inLanguage\":\"fr-FR\",\"@id\":\"https:\\\/\\\/www.naos-international.com\\\/fr\\\/reprendre-le-rythme-apres-les-vacances-des-pistes-concretes-pour-une-reprise-reussie\\\/#primaryimage\",\"url\":\"https:\\\/\\\/www.naos-international.com\\\/wp-content\\\/uploads\\\/2025\\\/09\\\/jakub-zerdzicki-orfe0w1tvs-unsplash-scaled.jpg\",\"contentUrl\":\"https:\\\/\\\/www.naos-international.com\\\/wp-content\\\/uploads\\\/2025\\\/09\\\/jakub-zerdzicki-orfe0w1tvs-unsplash-scaled.jpg\",\"width\":2560,\"height\":1708},{\"@type\":\"BreadcrumbList\",\"@id\":\"https:\\\/\\\/www.naos-international.com\\\/fr\\\/reprendre-le-rythme-apres-les-vacances-des-pistes-concretes-pour-une-reprise-reussie\\\/#breadcrumb\",\"itemListElement\":[{\"@type\":\"ListItem\",\"position\":1,\"name\":\"Home\",\"item\":\"https:\\\/\\\/www.naos-international.com\\\/fr\\\/\"},{\"@type\":\"ListItem\",\"position\":2,\"name\":\"Reprendre le rythme apr\u00e8s les vacances : des pistes concr\u00e8tes pour une reprise r\u00e9ussie\"}]},{\"@type\":\"WebSite\",\"@id\":\"https:\\\/\\\/www.naos-international.com\\\/fr\\\/#website\",\"url\":\"https:\\\/\\\/www.naos-international.com\\\/fr\\\/\",\"name\":\"NAOS International\",\"description\":\"Executive Search - Bridging Worlds, Building Careers\",\"publisher\":{\"@id\":\"https:\\\/\\\/www.naos-international.com\\\/fr\\\/#organization\"},\"potentialAction\":[{\"@type\":\"SearchAction\",\"target\":{\"@type\":\"EntryPoint\",\"urlTemplate\":\"https:\\\/\\\/www.naos-international.com\\\/fr\\\/?s={search_term_string}\"},\"query-input\":{\"@type\":\"PropertyValueSpecification\",\"valueRequired\":true,\"valueName\":\"search_term_string\"}}],\"inLanguage\":\"fr-FR\"},{\"@type\":\"Organization\",\"@id\":\"https:\\\/\\\/www.naos-international.com\\\/fr\\\/#organization\",\"name\":\"NAOS International\",\"url\":\"https:\\\/\\\/www.naos-international.com\\\/fr\\\/\",\"logo\":{\"@type\":\"ImageObject\",\"inLanguage\":\"fr-FR\",\"@id\":\"https:\\\/\\\/www.naos-international.com\\\/fr\\\/#\\\/schema\\\/logo\\\/image\\\/\",\"url\":\"https:\\\/\\\/www.naos-international.com\\\/wp-content\\\/uploads\\\/2024\\\/03\\\/cropped-naos-international-favicon.png\",\"contentUrl\":\"https:\\\/\\\/www.naos-international.com\\\/wp-content\\\/uploads\\\/2024\\\/03\\\/cropped-naos-international-favicon.png\",\"width\":512,\"height\":512,\"caption\":\"NAOS International\"},\"image\":{\"@id\":\"https:\\\/\\\/www.naos-international.com\\\/fr\\\/#\\\/schema\\\/logo\\\/image\\\/\"}},{\"@type\":\"Person\",\"@id\":\"https:\\\/\\\/www.naos-international.com\\\/fr\\\/#\\\/schema\\\/person\\\/d6eb617764421d16a6116bc492f3f461\",\"name\":\"Yannis\",\"image\":{\"@type\":\"ImageObject\",\"inLanguage\":\"fr-FR\",\"@id\":\"https:\\\/\\\/secure.gravatar.com\\\/avatar\\\/83ad40b3c460d3f9d9a90d8c46c5a9fae603509151695b1cb2710f1afc684eaa?s=96&d=mm&r=g\",\"url\":\"https:\\\/\\\/secure.gravatar.com\\\/avatar\\\/83ad40b3c460d3f9d9a90d8c46c5a9fae603509151695b1cb2710f1afc684eaa?s=96&d=mm&r=g\",\"contentUrl\":\"https:\\\/\\\/secure.gravatar.com\\\/avatar\\\/83ad40b3c460d3f9d9a90d8c46c5a9fae603509151695b1cb2710f1afc684eaa?s=96&d=mm&r=g\",\"caption\":\"Yannis\"}}]}<\/script>\n<!-- \/ Yoast SEO plugin. -->","yoast_head_json":{"title":"Reprendre le rythme apr\u00e8s les vacances : des pistes concr\u00e8tes pour une reprise r\u00e9ussie | NAOS International","description":"Pour les dirigeants et DRH, c\u2019est un moment strat\u00e9gique o\u00f9 s\u2019articulent remise en route des \u00e9quipes, arbitrages de priorit\u00e9s et pr\u00e9vention des risques psycho-sociaux.","robots":{"index":"index","follow":"follow","max-snippet":"max-snippet:-1","max-image-preview":"max-image-preview:large","max-video-preview":"max-video-preview:-1"},"canonical":"https:\/\/www.naos-international.com\/fr\/reprendre-le-rythme-apres-les-vacances-des-pistes-concretes-pour-une-reprise-reussie\/","og_locale":"fr_FR","og_type":"article","og_title":"Reprendre le rythme apr\u00e8s les vacances : des pistes concr\u00e8tes pour une reprise r\u00e9ussie | NAOS International","og_description":"Pour les dirigeants et DRH, c\u2019est un moment strat\u00e9gique o\u00f9 s\u2019articulent remise en route des \u00e9quipes, arbitrages de priorit\u00e9s et pr\u00e9vention des risques psycho-sociaux.","og_url":"https:\/\/www.naos-international.com\/fr\/reprendre-le-rythme-apres-les-vacances-des-pistes-concretes-pour-une-reprise-reussie\/","og_site_name":"NAOS International","article_published_time":"2025-09-01T14:10:33+00:00","article_modified_time":"2025-09-01T14:24:17+00:00","og_image":[{"width":2560,"height":1708,"url":"https:\/\/www.naos-international.com\/wp-content\/uploads\/2025\/09\/jakub-zerdzicki-orfe0w1tvs-unsplash-scaled.jpg","type":"image\/jpeg"}],"author":"Yannis","twitter_card":"summary_large_image","twitter_misc":{"\u00c9crit par":"Yannis","Dur\u00e9e de lecture estim\u00e9e":"7 minutes"},"schema":{"@context":"https:\/\/schema.org","@graph":[{"@type":"Article","@id":"https:\/\/www.naos-international.com\/fr\/reprendre-le-rythme-apres-les-vacances-des-pistes-concretes-pour-une-reprise-reussie\/#article","isPartOf":{"@id":"https:\/\/www.naos-international.com\/fr\/reprendre-le-rythme-apres-les-vacances-des-pistes-concretes-pour-une-reprise-reussie\/"},"author":{"name":"Yannis","@id":"https:\/\/www.naos-international.com\/fr\/#\/schema\/person\/d6eb617764421d16a6116bc492f3f461"},"headline":"Reprendre le rythme apr\u00e8s les vacances : des pistes concr\u00e8tes pour une reprise r\u00e9ussie","datePublished":"2025-09-01T14:10:33+00:00","dateModified":"2025-09-01T14:24:17+00:00","mainEntityOfPage":{"@id":"https:\/\/www.naos-international.com\/fr\/reprendre-le-rythme-apres-les-vacances-des-pistes-concretes-pour-une-reprise-reussie\/"},"wordCount":1350,"publisher":{"@id":"https:\/\/www.naos-international.com\/fr\/#organization"},"image":{"@id":"https:\/\/www.naos-international.com\/fr\/reprendre-le-rythme-apres-les-vacances-des-pistes-concretes-pour-une-reprise-reussie\/#primaryimage"},"thumbnailUrl":"https:\/\/www.naos-international.com\/wp-content\/uploads\/2025\/09\/jakub-zerdzicki-orfe0w1tvs-unsplash-scaled.jpg","articleSection":["Research"],"inLanguage":"fr-FR"},{"@type":"WebPage","@id":"https:\/\/www.naos-international.com\/fr\/reprendre-le-rythme-apres-les-vacances-des-pistes-concretes-pour-une-reprise-reussie\/","url":"https:\/\/www.naos-international.com\/fr\/reprendre-le-rythme-apres-les-vacances-des-pistes-concretes-pour-une-reprise-reussie\/","name":"Reprendre le rythme apr\u00e8s les vacances : des pistes concr\u00e8tes pour une reprise r\u00e9ussie | NAOS International","isPartOf":{"@id":"https:\/\/www.naos-international.com\/fr\/#website"},"primaryImageOfPage":{"@id":"https:\/\/www.naos-international.com\/fr\/reprendre-le-rythme-apres-les-vacances-des-pistes-concretes-pour-une-reprise-reussie\/#primaryimage"},"image":{"@id":"https:\/\/www.naos-international.com\/fr\/reprendre-le-rythme-apres-les-vacances-des-pistes-concretes-pour-une-reprise-reussie\/#primaryimage"},"thumbnailUrl":"https:\/\/www.naos-international.com\/wp-content\/uploads\/2025\/09\/jakub-zerdzicki-orfe0w1tvs-unsplash-scaled.jpg","datePublished":"2025-09-01T14:10:33+00:00","dateModified":"2025-09-01T14:24:17+00:00","description":"Pour les dirigeants et DRH, c\u2019est un moment strat\u00e9gique o\u00f9 s\u2019articulent remise en route des \u00e9quipes, arbitrages de priorit\u00e9s et pr\u00e9vention des risques psycho-sociaux.","breadcrumb":{"@id":"https:\/\/www.naos-international.com\/fr\/reprendre-le-rythme-apres-les-vacances-des-pistes-concretes-pour-une-reprise-reussie\/#breadcrumb"},"inLanguage":"fr-FR","potentialAction":[{"@type":"ReadAction","target":["https:\/\/www.naos-international.com\/fr\/reprendre-le-rythme-apres-les-vacances-des-pistes-concretes-pour-une-reprise-reussie\/"]}]},{"@type":"ImageObject","inLanguage":"fr-FR","@id":"https:\/\/www.naos-international.com\/fr\/reprendre-le-rythme-apres-les-vacances-des-pistes-concretes-pour-une-reprise-reussie\/#primaryimage","url":"https:\/\/www.naos-international.com\/wp-content\/uploads\/2025\/09\/jakub-zerdzicki-orfe0w1tvs-unsplash-scaled.jpg","contentUrl":"https:\/\/www.naos-international.com\/wp-content\/uploads\/2025\/09\/jakub-zerdzicki-orfe0w1tvs-unsplash-scaled.jpg","width":2560,"height":1708},{"@type":"BreadcrumbList","@id":"https:\/\/www.naos-international.com\/fr\/reprendre-le-rythme-apres-les-vacances-des-pistes-concretes-pour-une-reprise-reussie\/#breadcrumb","itemListElement":[{"@type":"ListItem","position":1,"name":"Home","item":"https:\/\/www.naos-international.com\/fr\/"},{"@type":"ListItem","position":2,"name":"Reprendre le rythme apr\u00e8s les vacances : des pistes concr\u00e8tes pour une reprise r\u00e9ussie"}]},{"@type":"WebSite","@id":"https:\/\/www.naos-international.com\/fr\/#website","url":"https:\/\/www.naos-international.com\/fr\/","name":"NAOS International","description":"Executive Search - Bridging Worlds, Building Careers","publisher":{"@id":"https:\/\/www.naos-international.com\/fr\/#organization"},"potentialAction":[{"@type":"SearchAction","target":{"@type":"EntryPoint","urlTemplate":"https:\/\/www.naos-international.com\/fr\/?s={search_term_string}"},"query-input":{"@type":"PropertyValueSpecification","valueRequired":true,"valueName":"search_term_string"}}],"inLanguage":"fr-FR"},{"@type":"Organization","@id":"https:\/\/www.naos-international.com\/fr\/#organization","name":"NAOS International","url":"https:\/\/www.naos-international.com\/fr\/","logo":{"@type":"ImageObject","inLanguage":"fr-FR","@id":"https:\/\/www.naos-international.com\/fr\/#\/schema\/logo\/image\/","url":"https:\/\/www.naos-international.com\/wp-content\/uploads\/2024\/03\/cropped-naos-international-favicon.png","contentUrl":"https:\/\/www.naos-international.com\/wp-content\/uploads\/2024\/03\/cropped-naos-international-favicon.png","width":512,"height":512,"caption":"NAOS International"},"image":{"@id":"https:\/\/www.naos-international.com\/fr\/#\/schema\/logo\/image\/"}},{"@type":"Person","@id":"https:\/\/www.naos-international.com\/fr\/#\/schema\/person\/d6eb617764421d16a6116bc492f3f461","name":"Yannis","image":{"@type":"ImageObject","inLanguage":"fr-FR","@id":"https:\/\/secure.gravatar.com\/avatar\/83ad40b3c460d3f9d9a90d8c46c5a9fae603509151695b1cb2710f1afc684eaa?s=96&d=mm&r=g","url":"https:\/\/secure.gravatar.com\/avatar\/83ad40b3c460d3f9d9a90d8c46c5a9fae603509151695b1cb2710f1afc684eaa?s=96&d=mm&r=g","contentUrl":"https:\/\/secure.gravatar.com\/avatar\/83ad40b3c460d3f9d9a90d8c46c5a9fae603509151695b1cb2710f1afc684eaa?s=96&d=mm&r=g","caption":"Yannis"}}]}},"_links":{"self":[{"href":"https:\/\/www.naos-international.com\/fr\/wp-json\/wp\/v2\/posts\/6026","targetHints":{"allow":["GET"]}}],"collection":[{"href":"https:\/\/www.naos-international.com\/fr\/wp-json\/wp\/v2\/posts"}],"about":[{"href":"https:\/\/www.naos-international.com\/fr\/wp-json\/wp\/v2\/types\/post"}],"author":[{"embeddable":true,"href":"https:\/\/www.naos-international.com\/fr\/wp-json\/wp\/v2\/users\/4"}],"replies":[{"embeddable":true,"href":"https:\/\/www.naos-international.com\/fr\/wp-json\/wp\/v2\/comments?post=6026"}],"version-history":[{"count":1,"href":"https:\/\/www.naos-international.com\/fr\/wp-json\/wp\/v2\/posts\/6026\/revisions"}],"predecessor-version":[{"id":6027,"href":"https:\/\/www.naos-international.com\/fr\/wp-json\/wp\/v2\/posts\/6026\/revisions\/6027"}],"wp:featuredmedia":[{"embeddable":true,"href":"https:\/\/www.naos-international.com\/fr\/wp-json\/wp\/v2\/media\/6022"}],"wp:attachment":[{"href":"https:\/\/www.naos-international.com\/fr\/wp-json\/wp\/v2\/media?parent=6026"}],"wp:term":[{"taxonomy":"category","embeddable":true,"href":"https:\/\/www.naos-international.com\/fr\/wp-json\/wp\/v2\/categories?post=6026"},{"taxonomy":"post_tag","embeddable":true,"href":"https:\/\/www.naos-international.com\/fr\/wp-json\/wp\/v2\/tags?post=6026"}],"curies":[{"name":"wp","href":"https:\/\/api.w.org\/{rel}","templated":true}]}}